{"id":212,"date":"2019-03-13T11:45:37","date_gmt":"2019-03-13T18:45:37","guid":{"rendered":"https:\/\/blogs.ubc.ca\/educationlibrarybooklists\/?p=212"},"modified":"2024-11-21T15:26:10","modified_gmt":"2024-11-21T22:26:10","slug":"personal-awareness-and-responsibility","status":"publish","type":"post","link":"https:\/\/blogs.ubc.ca\/educationlibrarybooklists\/2019\/03\/13\/personal-awareness-and-responsibility\/","title":{"rendered":"Personal Awareness and Responsibility"},"content":{"rendered":"<p>Personal and Social is one of the three Core Competencies in <a href=\"https:\/\/curriculum.gov.bc.ca\/competencies\/personal-awareness-responsibility\" target=\"_blank\" rel=\"noopener noreferrer\">the BC curriculum<\/a>. Personal Awareness and Responsibility is one of three sub-competencies in this area.Listed below are selected resources for teachers, picture books, fiction, and non-fiction related to Personal Awareness and Responsibility.<\/p>\n<p>Les comp\u00e9tences personnelles et sociales sont l&#8217;une des trois comp\u00e9tences de base du programme d&#8217;\u00e9tudes de la BC. La conscience et la responsabilit\u00e9 personnelles sont l&#8217;une des trois sous-comp\u00e9tences de ce domaine. La conscience et la responsabilit\u00e9 personnelles sont l&#8217;une des trois sous-comp\u00e9tences de ce domaine. Vous trouverez ci-dessous une s\u00e9lection de ressources pour les enseignants, des livres d&#8217;images, des ouvrages de fiction et des ouvrages non romanesques en rapport avec la conscience et la responsabilit\u00e9 personnelles.<\/p>\n<h3><strong>Ressources pour les enseignant<\/strong> (Teacher Resources)<\/h3>\n<p><em><img loading=\"lazy\" decoding=\"async\" class=\"alignleft wp-image-6577\" src=\"https:\/\/blogs.ubc.ca\/educationlibrarybooklists\/files\/2019\/03\/inside_outside-212x300.jpg\" alt=\"\" width=\"150\" height=\"212\" srcset=\"https:\/\/blogs.ubc.ca\/educationlibrarybooklists\/files\/2019\/03\/inside_outside-212x300.jpg 212w, https:\/\/blogs.ubc.ca\/educationlibrarybooklists\/files\/2019\/03\/inside_outside-724x1024.jpg 724w, https:\/\/blogs.ubc.ca\/educationlibrarybooklists\/files\/2019\/03\/inside_outside-768x1086.jpg 768w, https:\/\/blogs.ubc.ca\/educationlibrarybooklists\/files\/2019\/03\/inside_outside-400x566.jpg 400w, https:\/\/blogs.ubc.ca\/educationlibrarybooklists\/files\/2019\/03\/inside_outside.jpg 1061w\" sizes=\"auto, (max-width: 150px) 100vw, 150px\" \/> <a href=\"https:\/\/go.exlibris.link\/Vvr7ScbS\">Inside\/Outside: A Nature-Themed Resource Book for Embedding Emotional Literacy<\/a><\/em>,<\/p>\n<p>by Joe Harkness<\/p>\n<p><strong>Niveau scolaire (Grade level): 5 \u2013 11<\/strong><\/p>\n<p>Inside\/Outside is a unique educational resource for those working with young people of secondary school age, providing a variety of tried-and-tested indoor and outdoor lessons and activities to promote and embed emotional literacy.<\/p>\n<p><em><img loading=\"lazy\" decoding=\"async\" class=\"alignleft wp-image-6546\" src=\"https:\/\/blogs.ubc.ca\/educationlibrarybooklists\/files\/2019\/03\/at_the_intersection-224x300.jpg\" sizes=\"auto, (max-width: 150px) 100vw, 150px\" srcset=\"https:\/\/blogs.ubc.ca\/educationlibrarybooklists\/files\/2019\/03\/at_the_intersection-224x300.jpg 224w, https:\/\/blogs.ubc.ca\/educationlibrarybooklists\/files\/2019\/03\/at_the_intersection-764x1024.jpg 764w, https:\/\/blogs.ubc.ca\/educationlibrarybooklists\/files\/2019\/03\/at_the_intersection-768x1030.jpg 768w, https:\/\/blogs.ubc.ca\/educationlibrarybooklists\/files\/2019\/03\/at_the_intersection-400x536.jpg 400w, https:\/\/blogs.ubc.ca\/educationlibrarybooklists\/files\/2019\/03\/at_the_intersection.jpg 827w\" alt=\"\" width=\"150\" height=\"201\" \/> <a href=\"https:\/\/webcat.library.ubc.ca\/vwebv\/holdingsInfo?bibId=8846533\">At the intersection of selves and subject: exploring the curricular landscape of identity<\/a><\/em>,<\/p>\n<p>by Ellyn Lyle<\/p>\n<p><strong>Niveau scolaire (Grade level): K \u2013 12<\/strong><\/p>\n<p>Exploring the Curricular Landscape of Identity aims to raise awareness of the inextricability of our teaching and learning selves and the subjects with whom and which we engage.<\/p>\n<p><em><img loading=\"lazy\" decoding=\"async\" class=\"alignleft wp-image-6578\" src=\"https:\/\/blogs.ubc.ca\/educationlibrarybooklists\/files\/2019\/03\/i_like_myself-231x300.jpg\" alt=\"\" width=\"150\" height=\"195\" srcset=\"https:\/\/blogs.ubc.ca\/educationlibrarybooklists\/files\/2019\/03\/i_like_myself-231x300.jpg 231w, https:\/\/blogs.ubc.ca\/educationlibrarybooklists\/files\/2019\/03\/i_like_myself-788x1024.jpg 788w, https:\/\/blogs.ubc.ca\/educationlibrarybooklists\/files\/2019\/03\/i_like_myself-768x997.jpg 768w, https:\/\/blogs.ubc.ca\/educationlibrarybooklists\/files\/2019\/03\/i_like_myself-400x519.jpg 400w, https:\/\/blogs.ubc.ca\/educationlibrarybooklists\/files\/2019\/03\/i_like_myself.jpg 1155w\" sizes=\"auto, (max-width: 150px) 100vw, 150px\" \/> <a href=\"https:\/\/go.exlibris.link\/6Sgzpp01\">I like myself: fostering positive racial identity in young Black children<\/a><\/em>,<\/p>\n<p>by Toni Sturdivant<\/p>\n<p><strong>Niveau scolaire (Grade level): Pr\u00e9scolaire<br \/>\n<\/strong><\/p>\n<p>Supplementing and complementing any curriculum, this critical resource provides information across social-emotional, academic, and fine arts domains that stay faithful to curricular goals while specifically targeting the racial identity needs of Black preschoolers.<\/p>\n<p><em><img loading=\"lazy\" decoding=\"async\" class=\"alignleft wp-image-6579\" src=\"https:\/\/blogs.ubc.ca\/educationlibrarybooklists\/files\/2019\/03\/the_social-emotional_upgrade-200x300.jpg\" alt=\"\" width=\"150\" height=\"225\" srcset=\"https:\/\/blogs.ubc.ca\/educationlibrarybooklists\/files\/2019\/03\/the_social-emotional_upgrade-200x300.jpg 200w, https:\/\/blogs.ubc.ca\/educationlibrarybooklists\/files\/2019\/03\/the_social-emotional_upgrade-682x1024.jpg 682w, https:\/\/blogs.ubc.ca\/educationlibrarybooklists\/files\/2019\/03\/the_social-emotional_upgrade-768x1153.jpg 768w, https:\/\/blogs.ubc.ca\/educationlibrarybooklists\/files\/2019\/03\/the_social-emotional_upgrade-400x601.jpg 400w, https:\/\/blogs.ubc.ca\/educationlibrarybooklists\/files\/2019\/03\/the_social-emotional_upgrade.jpg 999w\" sizes=\"auto, (max-width: 150px) 100vw, 150px\" \/> <a href=\"https:\/\/go.exlibris.link\/GBkjMWDP\">The social-emotional learning upgrade: merging SEL and technology curricula to support young learners<\/a><\/em>,<\/p>\n<p>by Christopher J. Kazanjian,<\/p>\n<p><strong>Niveau scolaire (Grade level): K \u2013 12<br \/>\n<\/strong><\/p>\n<p>Driven by a paradigm that synthesizes multicultural education and humanistic psychology, this book readies educators to implement SEL curricula that will support young learners as they navigate constant social and technological flux and that will nurture their unique perceptions of reality, their aspirations, and their mental and physical health.<\/p>\n<p><em><img loading=\"lazy\" decoding=\"async\" class=\"alignleft wp-image-6585\" src=\"https:\/\/blogs.ubc.ca\/educationlibrarybooklists\/files\/2019\/03\/emotionally_responsive_teaching-204x300.jpg\" alt=\"\" width=\"150\" height=\"220\" srcset=\"https:\/\/blogs.ubc.ca\/educationlibrarybooklists\/files\/2019\/03\/emotionally_responsive_teaching-204x300.jpg 204w, https:\/\/blogs.ubc.ca\/educationlibrarybooklists\/files\/2019\/03\/emotionally_responsive_teaching-697x1024.jpg 697w, https:\/\/blogs.ubc.ca\/educationlibrarybooklists\/files\/2019\/03\/emotionally_responsive_teaching-768x1128.jpg 768w, https:\/\/blogs.ubc.ca\/educationlibrarybooklists\/files\/2019\/03\/emotionally_responsive_teaching-400x588.jpg 400w, https:\/\/blogs.ubc.ca\/educationlibrarybooklists\/files\/2019\/03\/emotionally_responsive_teaching.jpg 1021w\" sizes=\"auto, (max-width: 150px) 100vw, 150px\" \/> <a href=\"https:\/\/webcat.library.ubc.ca\/vwebv\/holdingsInfo?bibId=12956363\">Emotionally responsive teaching: expanding trauma-informed practice with young children<\/a><\/em>,<\/p>\n<p>by Travis Wright; foreword by Mary Benson McMullen<\/p>\n<p><strong>Niveau scolaire (Grade level): Pr\u00e9scolaire \u2013 3 (Pre-K \u2013 3)<br \/>\n<\/strong><\/p>\n<p>Framing this work as emotionally responsive teaching (ERT), this book expands current conceptualizations of trauma-informed practice to encompass more broadly the relational demands of supporting young children with challenging life circumstances.<\/p>\n<p><em><img loading=\"lazy\" decoding=\"async\" class=\"alignleft wp-image-6588\" src=\"https:\/\/blogs.ubc.ca\/educationlibrarybooklists\/files\/2019\/03\/morning_classroom-210x300.jpg\" alt=\"\" width=\"150\" height=\"214\" srcset=\"https:\/\/blogs.ubc.ca\/educationlibrarybooklists\/files\/2019\/03\/morning_classroom-210x300.jpg 210w, https:\/\/blogs.ubc.ca\/educationlibrarybooklists\/files\/2019\/03\/morning_classroom-717x1024.jpg 717w, https:\/\/blogs.ubc.ca\/educationlibrarybooklists\/files\/2019\/03\/morning_classroom-768x1097.jpg 768w, https:\/\/blogs.ubc.ca\/educationlibrarybooklists\/files\/2019\/03\/morning_classroom-400x571.jpg 400w, https:\/\/blogs.ubc.ca\/educationlibrarybooklists\/files\/2019\/03\/morning_classroom.jpg 1050w\" sizes=\"auto, (max-width: 150px) 100vw, 150px\" \/> <a href=\"https:\/\/webcat.library.ubc.ca\/vwebv\/holdingsInfo?bibId=12464157\">Morning classroom conversations: build your students&#8217; social-emotional, character, and communication skills every day<\/a><\/em>,<\/p>\n<p>by Maurice J. Elias, Nina A. Murphy, &amp; Kellie A. McClain; foreword by Joshua Freedman<\/p>\n<p><strong>Niveau scolaire (Grade level): K \u2013 12<br \/>\n<\/strong><\/p>\n<p>When you make Morning Classroom Conversations (MCCs) a regular part of your homeroom or advisory period, you give students a safe space to practice critical and creative thinking, build active listening skills, learn to respectfully disagree with others, and strengthen peer relationships&#8230; all while improving overall classroom climate.<\/p>\n<p><em><img loading=\"lazy\" decoding=\"async\" class=\"alignleft wp-image-6591\" src=\"https:\/\/blogs.ubc.ca\/educationlibrarybooklists\/files\/2019\/03\/simple_stuff_to_get-232x300.jpg\" alt=\"\" width=\"150\" height=\"194\" srcset=\"https:\/\/blogs.ubc.ca\/educationlibrarybooklists\/files\/2019\/03\/simple_stuff_to_get-232x300.jpg 232w, https:\/\/blogs.ubc.ca\/educationlibrarybooklists\/files\/2019\/03\/simple_stuff_to_get-793x1024.jpg 793w, https:\/\/blogs.ubc.ca\/educationlibrarybooklists\/files\/2019\/03\/simple_stuff_to_get-768x991.jpg 768w, https:\/\/blogs.ubc.ca\/educationlibrarybooklists\/files\/2019\/03\/simple_stuff_to_get-400x516.jpg 400w, https:\/\/blogs.ubc.ca\/educationlibrarybooklists\/files\/2019\/03\/simple_stuff_to_get.jpg 1162w\" sizes=\"auto, (max-width: 150px) 100vw, 150px\" \/><\/em><em><a href=\"http:\/\/resolve.library.ubc.ca\/cgi-bin\/catsearch?bid=9407919\" target=\"_blank\" rel=\"noopener noreferrer\">Simple stuff to get kids self-regulating in school: Awesome and in control lesson plans, worksheets, and strategies for learning<\/a><\/em>,<\/p>\n<p>by Lauren Brukner &amp; Lauren Liebstein Singer<\/p>\n<p><strong>Niveau scolaire (Grade level): K \u2013 6<br \/>\n<\/strong><\/p>\n<p>Packed with photocopiable lesson plans and tried and tested strategies, this illustrated guide is the ideal companion for teachers and therapists wishing to help kindergarten and elementary school children to self-regulate.<\/p>\n<p><em><img loading=\"lazy\" decoding=\"async\" class=\"alignleft wp-image-6593\" src=\"https:\/\/blogs.ubc.ca\/educationlibrarybooklists\/files\/2019\/03\/the_skills_that_matter-210x300.jpg\" alt=\"\" width=\"150\" height=\"214\" srcset=\"https:\/\/blogs.ubc.ca\/educationlibrarybooklists\/files\/2019\/03\/the_skills_that_matter-210x300.jpg 210w, https:\/\/blogs.ubc.ca\/educationlibrarybooklists\/files\/2019\/03\/the_skills_that_matter-717x1024.jpg 717w, https:\/\/blogs.ubc.ca\/educationlibrarybooklists\/files\/2019\/03\/the_skills_that_matter-768x1097.jpg 768w, https:\/\/blogs.ubc.ca\/educationlibrarybooklists\/files\/2019\/03\/the_skills_that_matter-400x571.jpg 400w, https:\/\/blogs.ubc.ca\/educationlibrarybooklists\/files\/2019\/03\/the_skills_that_matter.jpg 1050w\" sizes=\"auto, (max-width: 150px) 100vw, 150px\" \/><\/em><em><a href=\"http:\/\/resolve.library.ubc.ca\/cgi-bin\/catsearch?bid=8931276\" target=\"_blank\" rel=\"noopener noreferrer\">The skills that matter: Teaching interpersonal and intrapersonal competencies in any classroom<\/a><\/em>,<\/p>\n<p>by Patricia M. Noonan &amp; Amy S. Gaumer Erickson<\/p>\n<p><strong>Niveau scolaire (Grade level): 5 \u2013 12<br \/>\n<\/strong><\/p>\n<p>The authors focus on six key inter- and intra-personal competencies that can support middle- and high-school students&#8217; development: self-regulation, goal-setting, self-efficacy, assertiveness, conflict management, and networking.<\/p>\n<p><em><img loading=\"lazy\" decoding=\"async\" class=\"alignleft wp-image-6595\" src=\"https:\/\/blogs.ubc.ca\/educationlibrarybooklists\/files\/2019\/03\/the_formative_five-201x300.jpg\" alt=\"\" width=\"150\" height=\"224\" srcset=\"https:\/\/blogs.ubc.ca\/educationlibrarybooklists\/files\/2019\/03\/the_formative_five-201x300.jpg 201w, https:\/\/blogs.ubc.ca\/educationlibrarybooklists\/files\/2019\/03\/the_formative_five-687x1024.jpg 687w, https:\/\/blogs.ubc.ca\/educationlibrarybooklists\/files\/2019\/03\/the_formative_five-768x1145.jpg 768w, https:\/\/blogs.ubc.ca\/educationlibrarybooklists\/files\/2019\/03\/the_formative_five-400x596.jpg 400w, https:\/\/blogs.ubc.ca\/educationlibrarybooklists\/files\/2019\/03\/the_formative_five.jpg 1006w\" sizes=\"auto, (max-width: 150px) 100vw, 150px\" \/><\/em><em><a href=\"http:\/\/resolve.library.ubc.ca\/cgi-bin\/catsearch?bid=9136447\" target=\"_blank\" rel=\"noopener noreferrer\">The formative five: Fostering grit, empathy, and other success skills every student needs<\/a><\/em>,<\/p>\n<p>by Thomas R. Hoerr<\/p>\n<p><strong>Niveau scolaire (Grade level): K \u2013 12<br \/>\n<\/strong><\/p>\n<p>For success in school and life, students need more than proficiency in academic subjects and good scores on tests; those goals should form the floor, not the ceiling, of their education. To truly thrive, students need to develop attributes that aren\u2019t typically measured on standardized tests.<\/p>\n<h3>Les livres d\u2019images (Picture Books)<\/h3>\n<p><em><img loading=\"lazy\" decoding=\"async\" class=\"alignleft wp-image-6559\" src=\"https:\/\/blogs.ubc.ca\/educationlibrarybooklists\/files\/2019\/03\/be_you-243x300.jpg\" alt=\"\" width=\"150\" height=\"185\" srcset=\"https:\/\/blogs.ubc.ca\/educationlibrarybooklists\/files\/2019\/03\/be_you-243x300.jpg 243w, https:\/\/blogs.ubc.ca\/educationlibrarybooklists\/files\/2019\/03\/be_you-830x1024.jpg 830w, https:\/\/blogs.ubc.ca\/educationlibrarybooklists\/files\/2019\/03\/be_you-768x947.jpg 768w, https:\/\/blogs.ubc.ca\/educationlibrarybooklists\/files\/2019\/03\/be_you-400x493.jpg 400w, https:\/\/blogs.ubc.ca\/educationlibrarybooklists\/files\/2019\/03\/be_you.jpg 973w\" sizes=\"auto, (max-width: 150px) 100vw, 150px\" \/><a href=\"https:\/\/webcat.library.ubc.ca\/vwebv\/holdingsInfo?bibId=11966302\">Be you!<\/a><\/em>,<\/p>\n<p>by Peter H. Reynolds<\/p>\n<p><strong>Niveau scolaire (Grade level): Pr\u00e9scolaire \u2013 3 (Pre-K \u2013 3)<br \/>\n<\/strong><\/p>\n<p>Discover a joyful reminder of the ways that every child is unique and special. Here, Reynolds reminds readers to \u201cbe your own work of art.\u201d To be patient, persistent, and true. Because there is one, and only one, YOU.<\/p>\n<p><em><img loading=\"lazy\" decoding=\"async\" class=\"alignleft wp-image-6613\" src=\"https:\/\/blogs.ubc.ca\/educationlibrarybooklists\/files\/2019\/03\/the_sour_grape-246x300.jpg\" alt=\"\" width=\"150\" height=\"183\" srcset=\"https:\/\/blogs.ubc.ca\/educationlibrarybooklists\/files\/2019\/03\/the_sour_grape-246x300.jpg 246w, https:\/\/blogs.ubc.ca\/educationlibrarybooklists\/files\/2019\/03\/the_sour_grape-838x1024.jpg 838w, https:\/\/blogs.ubc.ca\/educationlibrarybooklists\/files\/2019\/03\/the_sour_grape-768x938.jpg 768w, https:\/\/blogs.ubc.ca\/educationlibrarybooklists\/files\/2019\/03\/the_sour_grape-400x489.jpg 400w, https:\/\/blogs.ubc.ca\/educationlibrarybooklists\/files\/2019\/03\/the_sour_grape.jpg 1228w\" sizes=\"auto, (max-width: 150px) 100vw, 150px\" \/><a href=\"https:\/\/webcat.library.ubc.ca\/vwebv\/holdingsInfo?bibId=12464191\">The sour grape<\/a><\/em>,<\/p>\n<p>by Jory John &amp; Pete Oswald<\/p>\n<p><strong>Niveau scolaire (Grade level): Pr\u00e9scolaire \u2013 3 (Pre-K \u2013 3)<br \/>\n<\/strong><\/p>\n<p>The Sour Grape holds grudges for every reason under the sun. Lime never returned a scarf they borrowed? Grudge! Orange never called back? Grudge! But when a friend holds a grudge against the Sour Grape without listening to an explanation, the Sour Grape realizes how unfair grudges can be.<\/p>\n<p><em><img loading=\"lazy\" decoding=\"async\" class=\"alignleft wp-image-6607\" src=\"https:\/\/blogs.ubc.ca\/educationlibrarybooklists\/files\/2019\/03\/elena_rides-201x300.jpg\" alt=\"\" width=\"125\" height=\"187\" srcset=\"https:\/\/blogs.ubc.ca\/educationlibrarybooklists\/files\/2019\/03\/elena_rides-201x300.jpg 201w, https:\/\/blogs.ubc.ca\/educationlibrarybooklists\/files\/2019\/03\/elena_rides-685x1024.jpg 685w, https:\/\/blogs.ubc.ca\/educationlibrarybooklists\/files\/2019\/03\/elena_rides-768x1147.jpg 768w, https:\/\/blogs.ubc.ca\/educationlibrarybooklists\/files\/2019\/03\/elena_rides-400x598.jpg 400w, https:\/\/blogs.ubc.ca\/educationlibrarybooklists\/files\/2019\/03\/elena_rides.jpg 1004w\" sizes=\"auto, (max-width: 125px) 100vw, 125px\" \/><a href=\"https:\/\/webcat.library.ubc.ca\/vwebv\/holdingsInfo?bibId=12958721\">Elena rides<\/a><\/em>,<\/p>\n<p>by Juana Medina<\/p>\n<p><strong>Niveau scolaire (Grade level): Pr\u00e9scolaire \u2013 1 (Pre-K \u2013 1)<br \/>\n<\/strong><\/p>\n<p>Elena wants to ride her bike. She readies, she steadies. She wobbles, she bobbles &#8230; KA-BANG! Learning to ride a bike is hard. But Elena can do it. Try, try again!<\/p>\n<p><em><img loading=\"lazy\" decoding=\"async\" class=\"alignleft wp-image-7485 size-full\" src=\"https:\/\/blogs.ubc.ca\/educationlibrarybooklists\/files\/2019\/03\/from.jpg\" alt=\"\" width=\"128\" height=\"128\" \/><a href=\"https:\/\/resolve.library.ubc.ca\/cgi-bin\/catsearch?bid=13301430\">From my head to my toes, I say what goes<\/a><\/em>,<\/p>\n<p>by Charlotte Barkla &amp; Jacqui Lee<\/p>\n<p><strong>Niveau scolaire (Grade level): Pr\u00e9scolaire \u2013 1 (Pre-K \u2013 1)<br \/>\n<\/strong><\/p>\n<p>The book discusses consent and control for a young audience, through a story that is bold and beautiful, loud and proud.<\/p>\n<p><em><img loading=\"lazy\" decoding=\"async\" class=\"alignleft wp-image-6609\" src=\"https:\/\/blogs.ubc.ca\/educationlibrarybooklists\/files\/2019\/03\/the_unlovable-200x300.jpg\" alt=\"\" width=\"150\" height=\"225\" srcset=\"https:\/\/blogs.ubc.ca\/educationlibrarybooklists\/files\/2019\/03\/the_unlovable-200x300.jpg 200w, https:\/\/blogs.ubc.ca\/educationlibrarybooklists\/files\/2019\/03\/the_unlovable-683x1024.jpg 683w, https:\/\/blogs.ubc.ca\/educationlibrarybooklists\/files\/2019\/03\/the_unlovable-768x1152.jpg 768w, https:\/\/blogs.ubc.ca\/educationlibrarybooklists\/files\/2019\/03\/the_unlovable-400x600.jpg 400w, https:\/\/blogs.ubc.ca\/educationlibrarybooklists\/files\/2019\/03\/the_unlovable.jpg 1000w\" sizes=\"auto, (max-width: 150px) 100vw, 150px\" \/><a href=\"https:\/\/webcat.library.ubc.ca\/vwebv\/holdingsInfo?bibId=12959662\">The unlovable Alina Butt<\/a><\/em>,<\/p>\n<p>by Ambreen Butt-Hussain<\/p>\n<p><strong>Niveau scolaire (Grade level): 4 \u2013 7<br \/>\n<\/strong><\/p>\n<p>Eleven-year-old Alina Butt has changed schools four times already since her family moved to England from Pakistan. Even after all that practice, she doesn\u2019t seem to be getting any better at being the new kid. Mocked for her last name and her &#8220;weird&#8221; lunches, Alina has had enough!<\/p>\n<p><em><img loading=\"lazy\" decoding=\"async\" class=\"alignleft wp-image-6599\" src=\"https:\/\/blogs.ubc.ca\/educationlibrarybooklists\/files\/2019\/03\/i_can_handle_it-300x300.jpg\" alt=\"\" width=\"150\" height=\"150\" srcset=\"https:\/\/blogs.ubc.ca\/educationlibrarybooklists\/files\/2019\/03\/i_can_handle_it-300x300.jpg 300w, https:\/\/blogs.ubc.ca\/educationlibrarybooklists\/files\/2019\/03\/i_can_handle_it-1024x1024.jpg 1024w, https:\/\/blogs.ubc.ca\/educationlibrarybooklists\/files\/2019\/03\/i_can_handle_it-150x150.jpg 150w, https:\/\/blogs.ubc.ca\/educationlibrarybooklists\/files\/2019\/03\/i_can_handle_it-768x768.jpg 768w, https:\/\/blogs.ubc.ca\/educationlibrarybooklists\/files\/2019\/03\/i_can_handle_it-1250x1250.jpg 1250w, https:\/\/blogs.ubc.ca\/educationlibrarybooklists\/files\/2019\/03\/i_can_handle_it-400x400.jpg 400w, https:\/\/blogs.ubc.ca\/educationlibrarybooklists\/files\/2019\/03\/i_can_handle_it-200x200.jpg 200w, https:\/\/blogs.ubc.ca\/educationlibrarybooklists\/files\/2019\/03\/i_can_handle_it.jpg 1360w\" sizes=\"auto, (max-width: 150px) 100vw, 150px\" \/><\/em><em><a href=\"http:\/\/resolve.library.ubc.ca\/cgi-bin\/catsearch?bid=9392601\" target=\"_blank\" rel=\"noopener noreferrer\">I can handle it!<\/a><\/em>,<\/p>\n<p>by Laurie Wright; illustrated by Ana Santos<\/p>\n<p><strong>Niveau scolaire (Grade level): Pr\u00e9scolaire \u2013 3 (Pre-K \u2013 3)<br \/>\n<\/strong><\/p>\n<p>Can Sebastien handle his problems? Of course he can, with the help of a mindful mantra! He could try something silly, or he could try something funny! Chances are whatever his problem may be, he can handle it.<\/p>\n<p><em><img loading=\"lazy\" decoding=\"async\" class=\"alignleft wp-image-6601\" src=\"https:\/\/blogs.ubc.ca\/educationlibrarybooklists\/files\/2019\/03\/sometimes_you_fly-300x300.jpg\" alt=\"\" width=\"150\" height=\"150\" srcset=\"https:\/\/blogs.ubc.ca\/educationlibrarybooklists\/files\/2019\/03\/sometimes_you_fly-300x300.jpg 300w, https:\/\/blogs.ubc.ca\/educationlibrarybooklists\/files\/2019\/03\/sometimes_you_fly-1024x1024.jpg 1024w, https:\/\/blogs.ubc.ca\/educationlibrarybooklists\/files\/2019\/03\/sometimes_you_fly-150x150.jpg 150w, https:\/\/blogs.ubc.ca\/educationlibrarybooklists\/files\/2019\/03\/sometimes_you_fly-768x767.jpg 768w, https:\/\/blogs.ubc.ca\/educationlibrarybooklists\/files\/2019\/03\/sometimes_you_fly-1250x1249.jpg 1250w, https:\/\/blogs.ubc.ca\/educationlibrarybooklists\/files\/2019\/03\/sometimes_you_fly-400x400.jpg 400w, https:\/\/blogs.ubc.ca\/educationlibrarybooklists\/files\/2019\/03\/sometimes_you_fly-200x200.jpg 200w, https:\/\/blogs.ubc.ca\/educationlibrarybooklists\/files\/2019\/03\/sometimes_you_fly.jpg 1500w\" sizes=\"auto, (max-width: 150px) 100vw, 150px\" \/><\/em><em><a href=\"http:\/\/resolve.library.ubc.ca\/cgi-bin\/catsearch?bid=9392596\" target=\"_blank\" rel=\"noopener noreferrer\">Sometimes you fly<\/a><\/em>,<\/p>\n<p>by Katherine Applegate; illustrated by Jennifer Black Reinhardt<\/p>\n<p><strong>Niveau scolaire (Grade level): Pr\u00e9scolaire \u2013 2 (Pre-K \u2013 2)<br \/>\n<\/strong><\/p>\n<p>This book celebrates the achievements of childhood, from first birthdays to graduation, and reminds readers that learning from mistakes makes success sweeter.<\/p>\n<p><em><img loading=\"lazy\" decoding=\"async\" class=\"alignleft wp-image-6602\" src=\"https:\/\/blogs.ubc.ca\/educationlibrarybooklists\/files\/2019\/03\/what_do_you_do_with_a_chance-300x300.jpg\" alt=\"\" width=\"150\" height=\"150\" srcset=\"https:\/\/blogs.ubc.ca\/educationlibrarybooklists\/files\/2019\/03\/what_do_you_do_with_a_chance-300x300.jpg 300w, https:\/\/blogs.ubc.ca\/educationlibrarybooklists\/files\/2019\/03\/what_do_you_do_with_a_chance-1024x1024.jpg 1024w, https:\/\/blogs.ubc.ca\/educationlibrarybooklists\/files\/2019\/03\/what_do_you_do_with_a_chance-150x150.jpg 150w, https:\/\/blogs.ubc.ca\/educationlibrarybooklists\/files\/2019\/03\/what_do_you_do_with_a_chance-768x768.jpg 768w, https:\/\/blogs.ubc.ca\/educationlibrarybooklists\/files\/2019\/03\/what_do_you_do_with_a_chance-1250x1250.jpg 1250w, https:\/\/blogs.ubc.ca\/educationlibrarybooklists\/files\/2019\/03\/what_do_you_do_with_a_chance-400x400.jpg 400w, https:\/\/blogs.ubc.ca\/educationlibrarybooklists\/files\/2019\/03\/what_do_you_do_with_a_chance-200x200.jpg 200w, https:\/\/blogs.ubc.ca\/educationlibrarybooklists\/files\/2019\/03\/what_do_you_do_with_a_chance.jpg 1500w\" sizes=\"auto, (max-width: 150px) 100vw, 150px\" \/><\/em><em><a href=\"http:\/\/resolve.library.ubc.ca\/cgi-bin\/catsearch?bid=9394942\" target=\"_blank\" rel=\"noopener noreferrer\">What do you do with a chance?<\/a><\/em>,<\/p>\n<p>by Kobi Yamada; illustrated by Mae Besom<\/p>\n<p><strong>Niveau scolaire (Grade level): K \u2013 3<br \/>\n<\/strong><\/p>\n<p>A chance encounter shows a child that when you get brave, take chances, and say yes to new experiences, amazing things can happen.<\/p>\n<p><em><img loading=\"lazy\" decoding=\"async\" class=\"alignleft wp-image-6604\" src=\"https:\/\/blogs.ubc.ca\/educationlibrarybooklists\/files\/2019\/03\/oh_no_george-288x300.jpg\" alt=\"\" width=\"150\" height=\"156\" srcset=\"https:\/\/blogs.ubc.ca\/educationlibrarybooklists\/files\/2019\/03\/oh_no_george-288x300.jpg 288w, https:\/\/blogs.ubc.ca\/educationlibrarybooklists\/files\/2019\/03\/oh_no_george-982x1024.jpg 982w, https:\/\/blogs.ubc.ca\/educationlibrarybooklists\/files\/2019\/03\/oh_no_george-768x801.jpg 768w, https:\/\/blogs.ubc.ca\/educationlibrarybooklists\/files\/2019\/03\/oh_no_george-400x417.jpg 400w, https:\/\/blogs.ubc.ca\/educationlibrarybooklists\/files\/2019\/03\/oh_no_george.jpg 1151w\" sizes=\"auto, (max-width: 150px) 100vw, 150px\" \/><\/em><em><a href=\"http:\/\/resolve.library.ubc.ca\/cgi-bin\/catsearch?bid=5953757\" target=\"_blank\" rel=\"noopener noreferrer\">Oh no, George!<\/a><\/em>,<\/p>\n<p>by Chris Haughton<\/p>\n<p><strong>Niveau scolaire (Grade level): Pr\u00e9scolaire \u2013 1 (Pre-K \u2013 1)<br \/>\n<\/strong><\/p>\n<p>George the dog has every intention of behaving well while his owner Harry is out for the day. But it&#8217;s so hard when there are cakes and cats and flowers around.<\/p>\n<p><em><img loading=\"lazy\" decoding=\"async\" class=\"alignleft wp-image-6606\" src=\"https:\/\/blogs.ubc.ca\/educationlibrarybooklists\/files\/2019\/03\/even_superheroes-240x300.jpg\" alt=\"\" width=\"150\" height=\"187\" srcset=\"https:\/\/blogs.ubc.ca\/educationlibrarybooklists\/files\/2019\/03\/even_superheroes-240x300.jpg 240w, https:\/\/blogs.ubc.ca\/educationlibrarybooklists\/files\/2019\/03\/even_superheroes-820x1024.jpg 820w, https:\/\/blogs.ubc.ca\/educationlibrarybooklists\/files\/2019\/03\/even_superheroes-768x959.jpg 768w, https:\/\/blogs.ubc.ca\/educationlibrarybooklists\/files\/2019\/03\/even_superheroes-400x500.jpg 400w, https:\/\/blogs.ubc.ca\/educationlibrarybooklists\/files\/2019\/03\/even_superheroes.jpg 1000w\" sizes=\"auto, (max-width: 150px) 100vw, 150px\" \/><\/em><em><a href=\"http:\/\/resolve.library.ubc.ca\/cgi-bin\/catsearch?bid=8635615\" target=\"_blank\" rel=\"noopener noreferrer\">Even superheroes have bad days<\/a><\/em>,<\/p>\n<p>by Shelly Becker; illustrated by Eda Kaban<\/p>\n<p><strong>Niveau scolaire (Grade level): Pr\u00e9scolaire \u2013 4 (Pre-K \u2013 4)<br \/>\n<\/strong><\/p>\n<p>It&#8217;s true &#8211; even young superheroes have bad days! So what do they do to control their emotions and not cause a super-scene or have a super-tantrum? See what ideas they have that you can use too.<\/p>\n<hr \/>\n<h4>Trouver d\u2019autres ressources<\/h4>\n<p>Voici quelques conseils pour trouver d\u2019autres ressources dans ce domaine :<\/p>\n<ul>\n<li>Sur la page principale du site de la <a href=\"http:\/\/www.library.ubc.ca\/\">biblioth\u00e8que de l\u2019UBC<\/a>, utilisez la bo\u00eete de recherche g\u00e9n\u00e9rale pour rechercher des mat\u00e9riaux \u00e0 travers toutes les succursales de la biblioth\u00e8que de l\u2019UBC.<\/li>\n<li>Pour limiter vos r\u00e9sultats aux mat\u00e9riels disponibles \u00e0 la Biblioth\u00e8que de l\u2019\u00e9ducation, visitez le <a href=\"https:\/\/education.library.ubc.ca\/\">site web de la Biblioth\u00e8que de l\u2019\u00e9ducation<\/a> et effectuez une recherche \u00e0 l\u2019aide de la case \u201cSearch Education Resources\u201d situ\u00e9e dans la bande \u00e0 gauche de l\u2019\u00e9cran.<\/li>\n<li>Remarque : les ressources \u00e9tant principalement catalogu\u00e9es en anglais, les termes ci-dessous donnent g\u00e9n\u00e9ralement plus de r\u00e9sultats que les recherches effectu\u00e9es en fran\u00e7ais. Vous pouvez filtrer votre liste de r\u00e9sultats par langue dans la barre lat\u00e9rale de gauche.<\/li>\n<li>Utilisez des termes de recherche sp\u00e9cifiques, tels que\n<ul>\n<li>\u201cpersonal responsibility\u201d, \u201cpersonal awareness\u201d, \u201caffective education\u201d, \u201cmoral education\u201d, ou \u201csocial skills AND study and teaching\u201d<\/li>\n<\/ul>\n<\/li>\n<li>Pour trouver des plans de cours, incluez \u201clesson plans\u201d, \u201clesson planning\u201d, or \u201cactivity programs\u201d dans vos termes de recherche.<\/li>\n<\/ul>\n<h4>Finding More Resources<\/h4>\n<p>To find more resources in this area, try the following:<\/p>\n<ul>\n<li>Search using the General tab on the <a href=\"http:\/\/www.library.ubc.ca\/\" target=\"_blank\" rel=\"noopener noreferrer\">UBC Library website<\/a> to look for material in all UBC Library branches.<\/li>\n<li>Search using \u201cSearch Education Resources\u201d box in the left hand bar on the <a href=\"https:\/\/education.library.ubc.ca\/\" target=\"_blank\" rel=\"noopener noreferrer\">Education Library website<\/a> to limit your results to physical materials in the Education Library.<\/li>\n<li>Use specific search terms, such as\n<ul>\n<li>\u201cpersonal responsibility\u201d, \u201cpersonal awareness\u201d, \u201caffective education\u201d, \u201cmoral education\u201d, or \u201csocial skills AND study and teaching\u201d<\/li>\n<\/ul>\n<\/li>\n<li>To find lesson plans, include \u201clesson plans\u201d, \u201clesson planning\u201d, or \u201cactivity programs\u201d in your search terms.<\/li>\n<\/ul>\n","protected":false},"excerpt":{"rendered":"<p>Personal and Social is one of the three Core Competencies in the BC curriculum. Personal Awareness and Responsibility is one of three sub-competencies in this area.Listed below are selected resources for teachers, picture books, fiction, and non-fiction related to Personal Awareness and Responsibility. Les comp\u00e9tences personnelles et sociales sont l&#8217;une des trois comp\u00e9tences de base [&hellip;]<\/p>\n","protected":false},"author":62331,"featured_media":1935,"comment_status":"open","ping_status":"closed","sticky":false,"template":"","format":"standard","meta":{"footnotes":""},"categories":[944428],"tags":[115,3939364,3939371,286580],"class_list":["post-212","post","type-post","status-publish","format-standard","has-post-thumbnail","hentry","category-core-competencies","tag-british-columbia","tag-core-competencies","tag-personal-awarenes-and-responsibility","tag-responsibility"],"_links":{"self":[{"href":"https:\/\/blogs.ubc.ca\/educationlibrarybooklists\/wp-json\/wp\/v2\/posts\/212","targetHints":{"allow":["GET"]}}],"collection":[{"href":"https:\/\/blogs.ubc.ca\/educationlibrarybooklists\/wp-json\/wp\/v2\/posts"}],"about":[{"href":"https:\/\/blogs.ubc.ca\/educationlibrarybooklists\/wp-json\/wp\/v2\/types\/post"}],"author":[{"embeddable":true,"href":"https:\/\/blogs.ubc.ca\/educationlibrarybooklists\/wp-json\/wp\/v2\/users\/62331"}],"replies":[{"embeddable":true,"href":"https:\/\/blogs.ubc.ca\/educationlibrarybooklists\/wp-json\/wp\/v2\/comments?post=212"}],"version-history":[{"count":69,"href":"https:\/\/blogs.ubc.ca\/educationlibrarybooklists\/wp-json\/wp\/v2\/posts\/212\/revisions"}],"predecessor-version":[{"id":7486,"href":"https:\/\/blogs.ubc.ca\/educationlibrarybooklists\/wp-json\/wp\/v2\/posts\/212\/revisions\/7486"}],"wp:featuredmedia":[{"embeddable":true,"href":"https:\/\/blogs.ubc.ca\/educationlibrarybooklists\/wp-json\/wp\/v2\/media\/1935"}],"wp:attachment":[{"href":"https:\/\/blogs.ubc.ca\/educationlibrarybooklists\/wp-json\/wp\/v2\/media?parent=212"}],"wp:term":[{"taxonomy":"category","embeddable":true,"href":"https:\/\/blogs.ubc.ca\/educationlibrarybooklists\/wp-json\/wp\/v2\/categories?post=212"},{"taxonomy":"post_tag","embeddable":true,"href":"https:\/\/blogs.ubc.ca\/educationlibrarybooklists\/wp-json\/wp\/v2\/tags?post=212"}],"curies":[{"name":"wp","href":"https:\/\/api.w.org\/{rel}","templated":true}]}}