{"id":5969,"date":"2023-03-28T11:34:13","date_gmt":"2023-03-28T18:34:13","guid":{"rendered":"https:\/\/blogs.ubc.ca\/educationlibrarybooklists\/?p=5969"},"modified":"2025-02-06T14:22:56","modified_gmt":"2025-02-06T21:22:56","slug":"livres-francais-sur-lorientation-sexuelle-et-a-lidentite-de-genre-french-sogi-books","status":"publish","type":"post","link":"https:\/\/blogs.ubc.ca\/educationlibrarybooklists\/2023\/03\/28\/livres-francais-sur-lorientation-sexuelle-et-a-lidentite-de-genre-french-sogi-books\/","title":{"rendered":"Livres fran\u00e7ais sur l\u2019orientation sexuelle et \u00e0 l\u2019identit\u00e9 de genre &#8211; French SOGI Books"},"content":{"rendered":"<p>Vous trouverez ci-dessous une s\u00e9lection de ressources pour les livres d&#8217;images et de fiction relatifs \u00e0 l&#8217;orientation sexuelle et \u00e0 l&#8217;identit\u00e9 de genre. (SOGI).<\/p>\n<p>Listed below are selected resources for picture books and fiction related to Sexual Orientation and Gender Identity (SOGI).<\/p>\n<p><em><img loading=\"lazy\" decoding=\"async\" class=\"alignleft wp-image-5845 size-full\" src=\"https:\/\/blogs.ubc.ca\/educationlibrarybooklists\/files\/2023\/03\/9782355042881_large-e1678394505881.jpg\" alt=\"\" width=\"188\" height=\"150\" \/> <a href=\"https:\/\/webcat.library.ubc.ca\/vwebv\/holdingsInfo?bibId=9095925\" target=\"_blank\" rel=\"noopener\">Et avec Tango, nous voila\u0300 trois!<\/a>,<\/em><\/p>\n<p>texte de Justin Richardson et Peter Parnell ; images de Henry Cole ; traduction de Laurana Serres-Giardi<\/p>\n<p><strong>Niveau scolaire (Grade level): Pr\u00e9scolaire &#8211; 3 (<\/strong><strong>PreK-3)<br \/>\n<\/strong><\/p>\n<p>Quelque chose d&#8217;exceptionnel est arriv\u00e9 au zoo de Central Park. Un \u00e9tonnant couple de manchots s&#8217;est form\u00e9 dans l&#8217;enclos polaire. M. Gramzai, qui veille sur eux, a alors l&#8217;id\u00e9e de leur fournir un oeuf f\u00e9cond\u00e9 qu&#8217;un autre couple de manchots ne pourront couver. Les deux m\u00e2les ins\u00e9parables Roy et Silo, qui avaient d\u00e9j\u00e0 form\u00e9 leur nid comme les autres, couvent alors ensemble cet oeuf abandonn\u00e9. Se relayant et fournissant tout le n\u00e9cessaire, l&#8217;oiseau na\u00eet et se d\u00e9veloppe normalement, et les deux papas assurent son bonheur avec autant de soin que leurs pairs h\u00e9t\u00e9rosexuels.<\/p>\n<p><em><img loading=\"lazy\" decoding=\"async\" class=\"alignleft wp-image-5857 size-full\" src=\"https:\/\/blogs.ubc.ca\/educationlibrarybooklists\/files\/2023\/03\/51MpPhbjK0L._SY373_BO1204203200_-e1678394768797.jpg\" alt=\"\" width=\"200\" height=\"150\" \/> <a href=\"https:\/\/webcat.library.ubc.ca\/vwebv\/holdingsInfo?bibId=9171223\" target=\"_blank\" rel=\"noopener noreferrer\">Tango a deux papas, et pourquoi pas?<\/a><\/em>,<\/p>\n<p>de Be\u0301atrice Boutignon<\/p>\n<p><strong>Niveau scolaire (Grade level): Pr\u00e9scolaire &#8211; 3 (PreK-3)<br \/>\n<\/strong><\/p>\n<p>Marco aime observer les animaux du zoo de Central Park. Depuis quelque temps, un \u00e9tonnant couple de manchots s&#8217;est form\u00e9 dans l&#8217;enclos polaire. Deux m\u00e2les ins\u00e9parables ont form\u00e9 leur nid et couvent ensemble un oeuf abandonn\u00e9. Se relayant et fournissant tout le n\u00e9cessaire \u00e0 l&#8217;oiseau, qui na\u00eet et se d\u00e9veloppe normalement, les deux papas assurent son bonheur avec autant de soin que leurs pairs.<\/p>\n<p><em><img loading=\"lazy\" decoding=\"async\" class=\"alignleft wp-image-5860 size-full\" src=\"https:\/\/blogs.ubc.ca\/educationlibrarybooklists\/files\/2023\/03\/51WLH3VL90L._SY498_BO1204203200_-e1678395419925.jpg\" alt=\"\" width=\"150\" height=\"150\" \/> <\/em><\/p>\n<p><a href=\"https:\/\/webcat.library.ubc.ca\/vwebv\/holdingsInfo?bibId=8539104\" target=\"_blank\" rel=\"noopener\"><em>Le Safari de Zak : le re\u0301cit d&#8217;un enfant conc\u0327u par un donneur dans une famille de deux mamans<\/em><\/a>,<\/p>\n<p>par Christy Tyner ; illustrations de Ciaee ; traduction de Nathalie Tremblay<\/p>\n<p><strong>Niveau scolaire (Grade level): Pr\u00e9scolaire &#8211; 1 (PreK-1)<\/strong><\/p>\n<p>Le safari de Zak est le r\u00e9cit d\u2019un d\u2019enfant con\u00e7u par un donneur dans une famille de deux mamans. Quand la pluie contrecarre le projet d\u2019aventure en safari de Zak, celui-ci invite les lecteurs et lectrices \u00e0 une visite tr\u00e8s particuli\u00e8re de sa famille. Zak raconte comment ses parents se sont rencontr\u00e9es et sont devenues amoureuses. Elles voulaient plus que tout avoir un enfant et ont d\u00e9cid\u00e9 d\u2019en concevoir un.<\/p>\n<p><em><img loading=\"lazy\" decoding=\"async\" class=\"wp-image-5863 size-full alignleft\" src=\"https:\/\/blogs.ubc.ca\/educationlibrarybooklists\/files\/2023\/03\/index-e1678818215283.jpg\" alt=\"\" width=\"117\" height=\"150\" \/> <a href=\"https:\/\/webcat.library.ubc.ca\/vwebv\/holdingsInfo?bibId=9095955\" target=\"_blank\" rel=\"noopener\">Ulysse et Alice<\/a><\/em>,<\/p>\n<p>texte de Ariane Bertouille ; illustrations de Marie-Claude Favreau<\/p>\n<p><strong>Niveau scolaire (Grade level): Pr\u00e9scolaire &#8211; 2 (PreK-2)<\/strong><\/p>\n<p>Lorsque son oncle lui offre une souris, Ulysse est fou de joie! Or, avant d&#8217;adopter de fa\u00e7on d\u00e9finitive ce rongeur dot\u00e9 d&#8217;une voix de t\u00e9nor qui n&#8217;est jamais \u00e0 court d&#8217;id\u00e9es de jeux, il devra d&#8217;abord la pr\u00e9senter \u00e0 son chat Capsule ainsi qu&#8217;\u00e0 ses deux mamans, qu&#8217;il devra de surcro\u00eet convaincre qu&#8217;il est assez grand pour prendre ses responsabilit\u00e9s.<\/p>\n<p><em><img loading=\"lazy\" decoding=\"async\" class=\"alignleft wp-image-5864 size-full\" src=\"https:\/\/blogs.ubc.ca\/educationlibrarybooklists\/files\/2023\/03\/9791036311970_large-e1678818809921.jpg\" alt=\"\" width=\"150\" height=\"150\" \/> <\/em><a href=\"https:\/\/webcat.library.ubc.ca\/vwebv\/holdingsInfo?bibId=9095947\" target=\"_blank\" rel=\"noopener\"><em>Tous diffe\u0301rents!<\/em><\/a>,<\/p>\n<p>de Todd Parr<\/p>\n<p><strong>Niveau scolaire (Grade level): Pr\u00e9scolaire &#8211; 1 (PreK-1)<\/strong><\/p>\n<p>&#8220;Dans la vie, on peut \u00eatre adopt\u00e9, on peut avoir de grandes oreilles, on peut \u00eatre de couleurs diff\u00e9rentes, avoir un nez pas comme tout le monde, on peut se mettre en col\u00e8re, on peut arriver le dernier, on peut dire non si on se sent en danger.&#8221; Gr\u00e2ce \u00e0 un texte simple et des illustrations qui captent son attention, Todd Parr livre \u00e0 l&#8217;enfant un message positif et chaleureux sur ce qu&#8217;il est, et comment on per\u00e7oit les autres. Sans pour autant lui faire la morale.<\/p>\n<p><em><img loading=\"lazy\" decoding=\"async\" class=\"alignleft wp-image-5866 size-full\" src=\"https:\/\/blogs.ubc.ca\/educationlibrarybooklists\/files\/2023\/03\/41yFDy6BekL._SX397_BO1204203200_-e1678819186904.jpg\" alt=\"\" width=\"120\" height=\"150\" \/> <\/em><em><a href=\"https:\/\/webcat.library.ubc.ca\/vwebv\/holdingsInfo?bibId=7893732\" target=\"_blank\" rel=\"noopener\">Fourchon<\/a>,<\/em><\/p>\n<p>de Kyo Maclear et Isabelle Arsenault ; traduction de Fanny Britt<\/p>\n<p><strong>Niveau scolaire (Grade level): Pr\u00e9scolaire &#8211; 2 (PreK-2)<\/strong><\/p>\n<p>&#8220;Sa maman est une cuill\u00e8re. Son papa est une fourchette. Lui, il est un peu des deux. Voici Fourchon! Fourchon d\u00e9tonne. Dans sa cuisine, les cuill\u00e8res sont des cuill\u00e8res et les fourchettes sont des fourchettes. On ne se m\u00eale pas aux autres. Il a beau tenter de passer pour une cuill\u00e8re, puis pour une fourchette, Fourchon n&#8217;est jamais choisi lorsque vient le temps de se mettre \u00e0 table. Il semble condamn\u00e9 \u00e0 un destin de tiroir.<\/p>\n<p><em><img loading=\"lazy\" decoding=\"async\" class=\"alignleft wp-image-5869 size-full\" src=\"https:\/\/blogs.ubc.ca\/educationlibrarybooklists\/files\/2023\/03\/9782917237564_large-e1678819575891.jpg\" alt=\"\" width=\"148\" height=\"150\" \/> <a href=\"https:\/\/webcat.library.ubc.ca\/vwebv\/holdingsInfo?bibId=9095926\" target=\"_blank\" rel=\"noopener noreferrer\">Mes deux papas<\/a>,<\/em><\/p>\n<p>de <span class=\"author notFaded\" data-width=\"\"> Juliette Parachini-Deny <\/span><\/p>\n<p><strong>Niveau scolaire (Grade level): Pr\u00e9scolaire &#8211; 2 (PreK-2)<\/strong><\/p>\n<p>Un petit oiseau est recueilli par un couple de papas. L&#8217;oisillon grandit entour\u00e9 de tendresse et de bienveillance. Lorsqu&#8217;il est en \u00e2ge de rentrer \u00e0 l&#8217;\u00e9cole, ses petits copains lui demandent pourquoi il a 2 papas.<\/p>\n<p><em><img loading=\"lazy\" decoding=\"async\" class=\"wp-image-5871 size-full alignleft\" src=\"https:\/\/blogs.ubc.ca\/educationlibrarybooklists\/files\/2023\/03\/content-e1678820043552.jpg\" alt=\"\" width=\"119\" height=\"150\" \/> <a href=\"https:\/\/webcat.library.ubc.ca\/vwebv\/holdingsInfo?bibId=9095940\" target=\"_blank\" rel=\"noopener\">La princesse qui n&#8217;aimait pas les princes<\/a>,<\/em><\/p>\n<p>de Alice Brie\u0300re-Haquet ; illustre\u0301 par Lionel Larcheve\u0302que.<\/p>\n<p><strong>Niveau scolaire (Grade level): Pr\u00e9scolaire &#8211; 3 (PreK-3)<\/strong><\/p>\n<p>&#8220;Princes d&#8217;\u00e0 c\u00f4t\u00e9, Venez! Accourez! Ma fille est \u00e0 marier. Elle est jolie, douce et aimable et dort tr\u00e8s bien sur des petits pois.&#8221; La princesse les vit donc arriver, ces princes d&#8217;\u00e0 c\u00f4t\u00e9. En file sur le chemin, un \u00e0 un, ils bais\u00e8rent sa main. Mais non, vraiment, merci bien, aucun d&#8217;entre eux ne lui disait rien!<\/p>\n<p><em><img loading=\"lazy\" decoding=\"async\" class=\"alignleft wp-image-5873 size-full\" src=\"https:\/\/blogs.ubc.ca\/educationlibrarybooklists\/files\/2023\/03\/index-1-e1678820394942.jpg\" alt=\"\" width=\"168\" height=\"150\" \/> <a href=\"https:\/\/webcat.library.ubc.ca\/vwebv\/holdingsInfo?bibId=9095910\" target=\"_blank\" rel=\"noopener\">Cristelle et Crioline<\/a><\/em>,<\/p>\n<p>texte et illustrations, Muriel Douru<\/p>\n<p><strong>Niveau scolaire (Grade level): Pr\u00e9scolaire &#8211; 2 (PreK-2)<\/strong><\/p>\n<p>Au royaume du N\u00e9nuphar pr\u00e9cieux, le peuple grenouille est en \u00e9bullition. La princesse Cristelle doit se marier ! Mais Crioline va bouleverser les plans du roi Cristo et de la reinette Cristina.<\/p>\n<p><em><img loading=\"lazy\" decoding=\"async\" class=\"alignleft wp-image-5875 size-full\" src=\"https:\/\/blogs.ubc.ca\/educationlibrarybooklists\/files\/2023\/03\/1528217-gf-e1678820799730.jpg\" alt=\"\" width=\"113\" height=\"150\" \/> <a href=\"https:\/\/webcat.library.ubc.ca\/vwebv\/holdingsInfo?bibId=9095929\" target=\"_blank\" rel=\"noopener noreferrer\">Marre du rose<\/a>,<\/em><\/p>\n<p>texte de Nathalie Hense ; illustrations de Ilya Green<\/p>\n<p><strong>Niveau scolaire (Grade level): Kindergarten &#8211; 4<br \/>\n<\/strong><\/p>\n<p><span id=\"ctl09_ctl01_mz1Div_ctl00_ctl00_lblResumeValue\" class=\"lblResumeValue\">Une petite fille en a plus qu&#8217;assez du rose et elle refuse d&#8217;\u00eatre enferm\u00e9e dans des go\u00fbts qui ne sont pas les siens. Elle se compare \u00e0 Carl, un petit gar\u00e7on sensible qui peint des fleurs sur ses voitures. Un r\u00e9cit illustr\u00e9 d&#8217;images aux couleurs explosives.<\/span><\/p>\n<p><em><img loading=\"lazy\" decoding=\"async\" class=\"alignleft wp-image-5877 size-full\" src=\"https:\/\/blogs.ubc.ca\/educationlibrarybooklists\/files\/2023\/03\/content-1-e1678821298304.jpg\" alt=\"\" width=\"124\" height=\"150\" \/> <a href=\"https:\/\/webcat.library.ubc.ca\/vwebv\/holdingsInfo?bibId=9095937\" target=\"_blank\" rel=\"noopener\">Philome\u0300ne m&#8217;aime<\/a>,<\/em><\/p>\n<p>de Jean-Christophe Mazurie<\/p>\n<p><strong>Niveau scolaire (Grade level): Kindergarten &#8211; 4<br \/>\n<\/strong><\/p>\n<p>Tout le monde aime Philom\u00e8ne, mais elle&#8230; qui aime-t-elle ? Quand Philom\u00e8ne se balade \u00e0 v\u00e9lo, tous les gar\u00e7ons qu&#8217;elle croise sont in\u00e9luctablement \u00e0 c\u00f4t\u00e9 de la plaque ! Les fr\u00e8res Lasserre, pourtant des bagarreurs de premi\u00e8re, d\u00e9cr\u00e8tent une tr\u00e8ve, Prosper Laguigne oublie son bombardon et toute l&#8217;\u00e9quipe de foot se d\u00e9sint\u00e9resse du ballon ! Mais le coeur de Philom\u00e8ne, lui, ne bat pour aucun gar\u00e7on&#8230; Il bat pour&#8230; pour qui ?<\/p>\n<p><em><img loading=\"lazy\" decoding=\"async\" class=\"alignleft wp-image-5881 size-full\" src=\"https:\/\/blogs.ubc.ca\/educationlibrarybooklists\/files\/2023\/03\/61IeJaFgJNL-e1678821791803.jpg\" alt=\"\" width=\"96\" height=\"150\" \/><a href=\"https:\/\/webcat.library.ubc.ca\/vwebv\/holdingsInfo?bibId=9096005\" target=\"_blank\" rel=\"noopener noreferrer\">Garc\u0327on manque\u0301<\/a>,<\/em><\/p>\n<p>de Liz Prince ; traduction de Philippe Touboul<\/p>\n<p><strong>Niveau scolaire (Grade level): 7 &#8211; 12<br \/>\n<\/strong><\/p>\n<p>Roman graphique mettant en lumi\u00e8re une r\u00e9flexion sur le genre et la perception de la f\u00e9minit\u00e9 dans la soci\u00e9t\u00e9, \u00e0 travers la propre enfance de l&#8217;auteure et l&#8217;image de gar\u00e7on manqu\u00e9 que lui renvoyait son entourage. Elle \u00e9voque les difficult\u00e9s d&#8217;\u00eatre jug\u00e9e et les \u00e9tapes de sa construction identitaire, au fur et \u00e0 mesure de ses rencontres.<\/p>\n<p><em><img loading=\"lazy\" decoding=\"async\" class=\"alignleft wp-image-5883 size-full\" src=\"https:\/\/blogs.ubc.ca\/educationlibrarybooklists\/files\/2023\/03\/content-2-e1678822193914.jpg\" alt=\"\" width=\"128\" height=\"129\" \/> <a href=\"https:\/\/webcat.library.ubc.ca\/vwebv\/holdingsInfo?bibId=9095911\" target=\"_blank\" rel=\"noopener\">Deux garc\u0327ons et un secret<\/a>,<\/em><\/p>\n<p>texte de Andre\u0301e Poulin ; illustrations de Marie Lafrance<\/p>\n<p><strong>Niveau scolaire (Grade level): Kindergarten &#8211; 3<br \/>\n<\/strong><\/p>\n<p>\u00c9mile et Mathis sont les meilleurs amis du monde. Ils partagent leurs jeux. Leur collations. Et leurs secrets. Un beau matin, \u00c9mile fait une d\u00e9couverte dans le carr\u00e9 de sable. \u00c7a lui donne une id\u00e9e. La plus meilleure id\u00e9e de toute sa vie. Sauf que certains trouvent que c&#8217;est plut\u00f4t la plus mauvaise id\u00e9e de toute sa vie. Que fera \u00c9mile?<\/p>\n<p><em><img loading=\"lazy\" decoding=\"async\" class=\"wp-image-5885 size-full alignleft\" src=\"https:\/\/blogs.ubc.ca\/educationlibrarybooklists\/files\/2023\/03\/content-3.jpg\" alt=\"\" width=\"128\" height=\"147\" \/> <a href=\"https:\/\/webcat.library.ubc.ca\/vwebv\/holdingsInfo?bibId=9095934\" target=\"_blank\" rel=\"noopener\">Les papas de Violette<\/a>,<\/em><\/p>\n<p>de E\u0301milie Chazerand et Gae\u0308lle Souppart<\/p>\n<p><strong>Niveau scolaire (Grade level): Pr\u00e9scolaire &#8211; 2 (PreK-2)<\/strong><\/p>\n<p>C&#8217;est une maladie d&#8217;avoir deux papas ?<br \/>\nN&#8217;importe quoi, dit Violette.<br \/>\nMes papas, ils s&#8217;occupent trop bien de moi.<br \/>\nJe les aime tous les deux, et puis c&#8217;est tout.<\/p>\n<p><em> <img loading=\"lazy\" decoding=\"async\" class=\"alignleft wp-image-5888 size-full\" src=\"https:\/\/blogs.ubc.ca\/educationlibrarybooklists\/files\/2023\/03\/content-4-e1678823460301.jpg\" alt=\"\" width=\"119\" height=\"150\" \/> <a href=\"https:\/\/webcat.library.ubc.ca\/vwebv\/holdingsInfo?bibId=12464010\" target=\"_blank\" rel=\"noopener noreferrer\">Tu peux<\/a><\/em>,<\/p>\n<p>de Elise Gravel<\/p>\n<p><strong>Niveau scolaire (Grade level): Kindergarten &#8211; 2<\/strong><\/p>\n<p>&#8220;\u00c0 travers une amusante galerie de portraits d&#8217;enfants aux go\u00fbts, caract\u00e8res, talents et ambitions vari\u00e9s, on interpelle le lecteur afin de lui montrer toute une s\u00e9rie de fa\u00e7ons de demeurer soi-m\u00eame. Fille, ou gar\u00e7on, il ou elle a tout \u00e0 fait le droit d&#8217;\u00eatre sensible, de faire du bruit, d&#8217;\u00eatre un artiste, d&#8217;avoir peur, d&#8217;\u00eatre en col\u00e8re, de faire le m\u00e9nage, d&#8217;\u00eatre bizarre, d&#8217;\u00eatre bon \u00e0 l&#8217;\u00e9cole, etc. En fait, tout est permis&#8230; sauf bien s\u00fbr d&#8217;\u00eatre m\u00e9chant(e) ou malpoli(e)!&#8221;<\/p>\n<p><em><img loading=\"lazy\" decoding=\"async\" class=\"alignleft wp-image-5890 size-full\" src=\"https:\/\/blogs.ubc.ca\/educationlibrarybooklists\/files\/2023\/03\/content-5-e1678823694552.jpg\" alt=\"\" width=\"98\" height=\"150\" \/> <a href=\"https:\/\/resolve.library.ubc.ca\/cgi-bin\/catsearch?bid=10058614\" target=\"_blank\" rel=\"noopener noreferrer\">Anatole qui ne se\u0301chait jamais<\/a>, <\/em><\/p>\n<p>texte de Ste\u0301phanie Boulay ; illustrations de Agathe Bray-Bourret<\/p>\n<p><strong>Niveau scolaire (Grade level): Kindergarten &#8211; 4<br \/>\n<\/strong><\/p>\n<p><span class=\"subfieldData\">&#8220;Anatole pleure constamment et, pour sa soeur Re\u0301gine Bibeau, comme pour son pe\u0300re, la situation est devenue lourde au quotidien. Re\u0301gine va commencer a\u0300 utiliser toutes les ressources de son intelligence pour trouver l&#8217;origine des pleurs de son fre\u0300re. Peu a\u0300 peu, elle de\u0301couvre que les ste\u0301re\u0301otypes sociaux de la masculinite\u0301 font souffrir Anatole qui pre\u0301fe\u0301rerait porter une jupe et s&#8217;amuser avec les pouliches de sa soeur.&#8221;<\/span><\/p>\n<p><em><img loading=\"lazy\" decoding=\"async\" class=\"wp-image-5896 size-full alignleft\" src=\"https:\/\/blogs.ubc.ca\/educationlibrarybooklists\/files\/2023\/03\/content-7-e1678824293234.jpg\" alt=\"\" width=\"96\" height=\"150\" \/> <a href=\"https:\/\/webcat.library.ubc.ca\/vwebv\/holdingsInfo?bibId=9096000\" target=\"_blank\" rel=\"noopener noreferrer\">Ciel<\/a>,<\/em><\/p>\n<p>de Sophie Labelle<\/p>\n<p><strong>Niveau scolaire (Grade level): 3 &#8211; 7<\/strong><\/p>\n<p><span class=\"subfieldData\">C&#8217;est le premier jour du secondaire pour Ciel, jeune ado transgenre. Mais cette \u00e9tape ne se fait pas sans heurt pour elle, surtout qu&#8217;Eir\u00edkur, son amoureux, a d\u00fb retourner en Islande, et qu&#8217;ils sont d\u00e9sormais forc\u00e9s de poursuivre leur relation \u00e0 distance. Pour se changer les id\u00e9es, Ciel concentre toute son \u00e9nergie \u00e0 \u00e9conomiser l&#8217;argent n\u00e9cessaire pour acheter la cam\u00e9ra de ses r\u00eaves et parfaire sa cha\u00eene Youtube amateur, Ciel s&#8217;ennuie. C&#8217;est sans compter l&#8217;arriv\u00e9e de Liam, un nouvel \u00e9l\u00e8ve plut\u00f4t myst\u00e9rieux (et champion de natation !)<\/span><\/p>\n<p><em><img loading=\"lazy\" decoding=\"async\" class=\"alignleft wp-image-5895 size-full\" src=\"https:\/\/blogs.ubc.ca\/educationlibrarybooklists\/files\/2023\/03\/content-6-e1678824251261.jpg\" alt=\"\" width=\"100\" height=\"150\" \/> <a href=\"https:\/\/webcat.library.ubc.ca\/vwebv\/holdingsInfo?bibId=12466827\" target=\"_blank\" rel=\"noopener\">Gar\u00e7on sorci\u00e8re (Le)<\/a>,<\/em><\/p>\n<p>de Molly Knox Ostertag<\/p>\n<p><strong>Niveau scolaire (Grade level): 3 &#8211; 7<\/strong><\/p>\n<p>Dans la culture du jeune Aster, treize ans, toutes les filles sont \u00e9lev\u00e9es pour devenir des sorci\u00e8res et les gar\u00e7ons, des m\u00e9tamorphes. Toute personne qui ose contrevenir \u00e0 cette tradition est exclue. Malheureusement pour Aster, il demeure incapable de se m\u00e9tamorphoser&#8230; et il est toujours aussi fascin\u00e9 par la sorcellerie, bien qu&#8217;elle lui soit formellement interdite.<\/p>\n<p>Lorsqu&#8217;un danger myst\u00e9rieux menace les autres gar\u00e7ons, Aster sait qu&#8217;il peut aider&#8230; avec la sorcellerie. Avec les encouragements d&#8217;une nouvelle amie excentrique, Charlie, Aster se laisse enfin convaincre d&#8217;exercer ses talents de sorci\u00e8re. Mais il aura besoin d&#8217;encore plus de courage pour sauver sa famille&#8230; et en r\u00e9alit\u00e9, se sauver lui-m\u00eame.<\/p>\n<p><em><img loading=\"lazy\" decoding=\"async\" class=\"alignleft wp-image-5897 size-full\" src=\"https:\/\/blogs.ubc.ca\/educationlibrarybooklists\/files\/2023\/03\/9782221193440_large-e1678824355358.jpg\" alt=\"\" width=\"95\" height=\"150\" \/> <a href=\"https:\/\/webcat.library.ubc.ca\/vwebv\/search?searchArg=Ope%CC%81ration+Pantalon&amp;searchCode=GKEY%5E*&amp;searchType=0&amp;recCount=100\" target=\"_blank\" rel=\"noopener\">Ope\u0301ration Pantalon<\/a>,<\/em><\/p>\n<p>de Cat Clarke ; traduit de l&#8217;anglais (Royaume-Uni) par Ce\u0301cile Ardilly<\/p>\n<p><strong>Niveau scolaire (Grade level): 4 &#8211; 9<br \/>\n<\/strong><\/p>\n<p>L&#8217;uniforme, oui ! La jupe, non ! Libert\u00e9, \u00e9galit\u00e9, pantalon ! Liv (ne l&#8217;appelez pas Olivia, il d\u00e9teste \u00e7a) sait depuis toujours qu&#8217;il est un gar\u00e7on et non une fille, mais le r\u00e8glement tr\u00e8s strict de son coll\u00e8ge en mati\u00e8re d&#8217;uniforme lui interdit de porter un pantalon. Il lui faudra donc porter des jupes. Commence alors l&#8217;Op\u00e9ration Pantalon. La seule mani\u00e8re pour Liv d&#8217;obtenir ce qu&#8217;il veut, c&#8217;est de mener la bataille lui-m\u00eame. Et il ne compte pas seulement changer les r\u00e8gles : il veut changer sa vie, un combat loin d&#8217;\u00eatre gagn\u00e9 d&#8217;avance !<\/p>\n<p><em><img loading=\"lazy\" decoding=\"async\" class=\"alignleft wp-image-5900 size-full\" src=\"https:\/\/blogs.ubc.ca\/educationlibrarybooklists\/files\/2023\/03\/content-8-e1678992039432.jpg\" alt=\"\" width=\"105\" height=\"150\" \/> <a href=\"https:\/\/webcat.library.ubc.ca\/vwebv\/holdingsInfo?bibId=12465906\" target=\"_blank\" rel=\"noopener noreferrer\">Assign\u00e9e gar\u00e7on: ambiance trans de feu<\/a><\/em>,<\/p>\n<p>de Sophie Labelle<\/p>\n<p><strong>Niveau scolaire (Grade level): Kindergarten &#8211; 6<br \/>\n<\/strong><\/p>\n<p>Cette bande dessin\u00e9e tir\u00e9e du webcomic \u00e0 succ\u00e8s Assign\u00e9e gar\u00e7on met en sc\u00e8ne St\u00e9phie, une jeune fille transgenre qui navigue \u00e0 travers sa premi\u00e8re histoire d&#8217;amour, ses querelles avec ses camarades d&#8217;\u00e9cole et sa relation avec son p\u00e8re. Heureusement, Ciel est l\u00e0 pour la suivre dans ses m\u00e9saventures. Le duo apprend \u00e0 se d\u00e9couvrir et \u00e0 se c\u00e9l\u00e9brer tout en nous offrant des r\u00e9flexions sur les r\u00e9alit\u00e9s des personnes trans et queer.<\/p>\n<p><em><img loading=\"lazy\" decoding=\"async\" class=\"wp-image-6150 size-full alignleft\" src=\"https:\/\/blogs.ubc.ca\/educationlibrarybooklists\/files\/2023\/03\/le_prince_et_le_chevalier-e1686593761106.jpg\" alt=\"\" width=\"150\" height=\"126\" \/> <a href=\"https:\/\/webcat.library.ubc.ca\/vwebv\/holdingsInfo?bibId=12463962\" target=\"_blank\" rel=\"noopener\">Le prince et le chevalier<\/a>,<\/em><\/p>\n<p>de Daniel Haack; illustrations de Stevie Lewis; texte franc\u0327ais d&#8217;Isabelle Allard.<\/p>\n<p><strong>Niveau scolaire (Grade level): Pr\u00e9scolaire &#8211; 2 (PreK-2)<br \/>\n<\/strong><\/p>\n<p>Dans un royaume lointain, un prince s&#8217;appr\u00eate \u00e0 monter sur le tr\u00f4ne. Sachant qu&#8217;il vaut mieux r\u00e9gner \u00e0 deux, ses parents sont d\u00e9termin\u00e9s \u00e0 lui trouver une \u00e9pouse aimable. Ils partent donc tous les trois afin de trouver une femme digne du futur souverain. Le prince fait la rencontre de plusieurs demoiselles, mais aucune d&#8217;entre elles ne lui pla\u00eet&#8230; Toutefois, en l&#8217;absence de la famille royale, le royaume fait face \u00e0 une terrible menace : un immense dragon cracheur de feu s&#8217;en prend aux habitants et aux soldats, et ceux-ci prennent la fuite! Quand il apprend la nouvelle, le prince retourne aussit\u00f4t prot\u00e9ger son royaume&#8230; En chemin, il rencontre un courageux chevalier couvert d&#8217;une armure \u00e9tincelante. Ensemble, ils combattent le dragon&#8230; et d\u00e9couvrent du m\u00eame coup le vrai amour!<\/p>\n<p><em><img loading=\"lazy\" decoding=\"async\" class=\"alignleft wp-image-6151 size-full\" src=\"https:\/\/blogs.ubc.ca\/educationlibrarybooklists\/files\/2023\/03\/julian_est_une_sirene-e1686594039296.jpg\" alt=\"\" width=\"150\" height=\"138\" \/> <a href=\"https:\/\/webcat.library.ubc.ca\/vwebv\/holdingsInfo?searchId=17539&amp;recCount=100&amp;recPointer=0&amp;bibId=12463963\" target=\"_blank\" rel=\"noopener noreferrer\">Julian est une sire\u0300ne<\/a><\/em>,<\/p>\n<p>de Jessica Love; traduit de l&#8217;anglais par Sylvie Goyon<\/p>\n<p><strong>Niveau scolaire (Grade level): Pr\u00e9scolaire &#8211; 2 (PreK-2)<br \/>\n<\/strong><\/p>\n<p>Le jour o\u00f9 Julian voit passer trois femmes magnifiques habill\u00e9es en sir\u00e8nes, sa vie change. Il ne r\u00eave plus que d&#8217;une chose, devenir lui aussi une sir\u00e8ne. Mais que va penser sa Mamita?<\/p>\n<hr \/>\n<h4>Trouver d&#8217;autres ressources<\/h4>\n<p>Voici quelques conseils pour trouver d&#8217;autres ressources dans ce domaine :<\/p>\n<ul>\n<li>Sur la page principale du site de la <a href=\"http:\/\/www.library.ubc.ca\/\" target=\"_blank\" rel=\"noopener\">biblioth\u00e8que de l&#8217;UBC<\/a>, utilisez la bo\u00eete de recherche g\u00e9n\u00e9rale pour rechercher des mat\u00e9riaux \u00e0 travers toutes les succursales de la biblioth\u00e8que de l&#8217;UBC.<\/li>\n<li>Pour limiter vos r\u00e9sultats aux mat\u00e9riels disponibles \u00e0 la Biblioth\u00e8que de l&#8217;\u00e9ducation, visitez le <a href=\"https:\/\/education.library.ubc.ca\/\" target=\"_blank\" rel=\"noopener\">site web de la Biblioth\u00e8que de l&#8217;\u00e9ducation<\/a> et effectuez une recherche \u00e0 l&#8217;aide de la case &#8220;Search Education Resources&#8221; situ\u00e9e dans la bande \u00e0 gauche de l&#8217;\u00e9cran.<\/li>\n<li>Remarque : les ressources \u00e9tant principalement catalogu\u00e9es en anglais, les termes ci-dessous donnent g\u00e9n\u00e9ralement plus de r\u00e9sultats que les recherches effectu\u00e9es en fran\u00e7ais. Vous pouvez filtrer votre liste de r\u00e9sultats par langue dans la barre lat\u00e9rale de gauche.<\/li>\n<li>Utilisez des termes de recherche sp\u00e9cifiques, tels que\n<ul>\n<li>&#8220;gender identity in education&#8221;, &#8220;homosexuality and education&#8221;, LGBT, &#8220;sexual orientation&#8221;, ou &#8220;gender identity&#8221; AND &#8220;study and teaching&#8221;<\/li>\n<li>&#8220;sexual minorities&#8221; AND education<\/li>\n<\/ul>\n<\/li>\n<li>Pour trouver des plans de cours, incluez &#8220;lesson plans&#8221;, \u201clesson planning\u201d, or \u201cactivity programs\u201d dans vos termes de recherche.<\/li>\n<\/ul>\n<h4>Finding More Resources<\/h4>\n<p>To find more resources in this area, try the following:<\/p>\n<ul>\n<li>Search using the General tab on the <a href=\"http:\/\/www.library.ubc.ca\/\" target=\"_blank\" rel=\"noopener noreferrer\">UBC Library website<\/a> to look for material in all UBC Library branches.<\/li>\n<li>Search using \u201cSearch Education Resources\u201d box in the left hand bar on the <a href=\"https:\/\/education.library.ubc.ca\/\" target=\"_blank\" rel=\"noopener noreferrer\">Education Library website<\/a> to limit your results to physical materials in the Education Library.<\/li>\n<li>Use specific search terms, such as\n<ul>\n<li>\u201cgender identity in education\u201d, \u201chomosexuality and education\u201d, LGBT, \u201csexual orientation\u201d, or \u201cgender identity\u201d AND \u201cstudy and teaching\u201d<\/li>\n<li>\u201csexual minorities\u201d AND education<\/li>\n<\/ul>\n<\/li>\n<li>To find lesson plans, include \u201clesson plans\u201d, \u201clesson planning\u201d, or \u201cactivity programs\u201d in your search terms.<\/li>\n<\/ul>\n","protected":false},"excerpt":{"rendered":"<p>Vous trouverez ci-dessous une s\u00e9lection de ressources pour les livres d&#8217;images et de fiction relatifs \u00e0 l&#8217;orientation sexuelle et \u00e0 l&#8217;identit\u00e9 de genre. (SOGI). Listed below are selected resources for picture books and fiction related to Sexual Orientation and Gender Identity (SOGI). Et avec Tango, nous voila\u0300 trois!, texte de Justin Richardson et Peter Parnell [&hellip;]<\/p>\n","protected":false},"author":95871,"featured_media":5968,"comment_status":"open","ping_status":"closed","sticky":false,"template":"","format":"standard","meta":{"footnotes":""},"categories":[3939390,3939493,3821371,1983060,3939373],"tags":[853,3939396,1457217],"class_list":["post-5969","post","type-post","status-publish","format-standard","has-post-thumbnail","hentry","category-accessibility-diversity-and-diverse-learners","category-french","category-inclusive-classroom","category-physical-and-health-education","category-planning-for-teaching-and-learning","tag-french","tag-sexual-orientation-and-gender-identity","tag-sogi"],"_links":{"self":[{"href":"https:\/\/blogs.ubc.ca\/educationlibrarybooklists\/wp-json\/wp\/v2\/posts\/5969","targetHints":{"allow":["GET"]}}],"collection":[{"href":"https:\/\/blogs.ubc.ca\/educationlibrarybooklists\/wp-json\/wp\/v2\/posts"}],"about":[{"href":"https:\/\/blogs.ubc.ca\/educationlibrarybooklists\/wp-json\/wp\/v2\/types\/post"}],"author":[{"embeddable":true,"href":"https:\/\/blogs.ubc.ca\/educationlibrarybooklists\/wp-json\/wp\/v2\/users\/95871"}],"replies":[{"embeddable":true,"href":"https:\/\/blogs.ubc.ca\/educationlibrarybooklists\/wp-json\/wp\/v2\/comments?post=5969"}],"version-history":[{"count":7,"href":"https:\/\/blogs.ubc.ca\/educationlibrarybooklists\/wp-json\/wp\/v2\/posts\/5969\/revisions"}],"predecessor-version":[{"id":7608,"href":"https:\/\/blogs.ubc.ca\/educationlibrarybooklists\/wp-json\/wp\/v2\/posts\/5969\/revisions\/7608"}],"wp:featuredmedia":[{"embeddable":true,"href":"https:\/\/blogs.ubc.ca\/educationlibrarybooklists\/wp-json\/wp\/v2\/media\/5968"}],"wp:attachment":[{"href":"https:\/\/blogs.ubc.ca\/educationlibrarybooklists\/wp-json\/wp\/v2\/media?parent=5969"}],"wp:term":[{"taxonomy":"category","embeddable":true,"href":"https:\/\/blogs.ubc.ca\/educationlibrarybooklists\/wp-json\/wp\/v2\/categories?post=5969"},{"taxonomy":"post_tag","embeddable":true,"href":"https:\/\/blogs.ubc.ca\/educationlibrarybooklists\/wp-json\/wp\/v2\/tags?post=5969"}],"curies":[{"name":"wp","href":"https:\/\/api.w.org\/{rel}","templated":true}]}}