{"id":331,"date":"2012-09-04T23:32:11","date_gmt":"2012-09-05T06:32:11","guid":{"rendered":"https:\/\/blogs.ubc.ca\/fren220\/?p=331"},"modified":"2012-09-11T19:16:50","modified_gmt":"2012-09-12T02:16:50","slug":"course-description-presentation-du-cours","status":"publish","type":"post","link":"https:\/\/blogs.ubc.ca\/fren220\/2012\/09\/course-description-presentation-du-cours\/","title":{"rendered":"Course description \/ Pr\u00e9sentation du cours"},"content":{"rendered":"<p>FREN 220: INTRODUCTION TO EARLY FRENCH LITERATURE AND TO TEXTUAL ANALYSIS<\/p>\n<p>Monday, Wednesday, &amp; Friday 11.00 &#8211; 11.50 a.m.<br \/>\nBuchanan D201<\/p>\n<p><!--more--><\/p>\n<p>DESCRIPTION<\/p>\n<p>Students will familiarize themselves with techniques of literary analysis, as applied to representative works from the Middle Ages to the 17th century, including theatre, fiction, poetry and non-fiction prose. To be taken by all students intending to proceed to the Minor, Major or Honours program in French.<\/p>\n<p>TEXTS<\/p>\n<p>Annie Colognat-Bar\u00e8s (\u00e9d.), <em>Anthologie de la po\u00e9sie fran\u00e7aise de Villon \u00e0 Verlaine<br \/>\n<\/em>Marie de France, <em>Le Lai de Lanval<br \/>\n<\/em>Montaigne, <em>Les Essais<\/em> \u2013 choix de textes (Larousse)<br \/>\nMoli\u00e8re, <em>Le Malade imaginaire<\/em><\/p>\n<p><em>Prerequisite:<br \/>\n<\/em><\/p>\n<p>FREN 123 or assignment based on placement test.<br \/>\n<em><br \/>\nLanguage of instruction:<br \/>\n<\/em><\/p>\n<p>French: the class will be conducted in French; all written work is also in French.<em><\/em><\/p>\n<p>Note about tutors:<\/p>\n<p>Students who employ tutors for remedial work in this course should be aware that departmental policy limits the work of tutors to remedial work and to review of material already covered in class. Tutors should not be asked to comment on or to edit assignments before they are handed in.<\/p>\n<p>INSTRUCTOR<\/p>\n<p>Juliet O\u2019Brien<br \/>\nOffice: Buchanan Tower 728<br \/>\nEmail: juliet.obrien@ubc.ca<br \/>\nTel: 604-379-2369 (voicemail; email preferred &amp; faster)<br \/>\nOffice hours: Monday afternoon, 2.30 &#8211; 6.30 p.m.<\/p>\n<p>This information is also available in the <a href=\"https:\/\/blogs.ubc.ca\/fren220\/files\/2012\/09\/fren220-syllabus.pdf\" target=\"_blank\">PDF of the syllabus<\/a>.<\/p>\n<p>See also: <a href=\"https:\/\/blogs.ubc.ca\/fren220\/files\/2012\/09\/fren220-programme.pdf\" target=\"_blank\">PDF schedule, week by week and day by day (= programme du cours)<\/a>.<\/p>\n","protected":false},"excerpt":{"rendered":"<p>FREN 220: INTRODUCTION TO EARLY FRENCH LITERATURE AND TO TEXTUAL ANALYSIS Monday, Wednesday, &amp; Friday 11.00 &#8211; 11.50 a.m. Buchanan D201<\/p>\n","protected":false},"author":1097,"featured_media":0,"comment_status":"closed","ping_status":"closed","sticky":false,"template":"","format":"standard","meta":{"footnotes":""},"categories":[337213],"tags":[],"class_list":["post-331","post","type-post","status-publish","format-standard","hentry","category-informations","et-no-image","et-bg-layout-dark","et-white-bg"],"_links":{"self":[{"href":"https:\/\/blogs.ubc.ca\/fren220\/wp-json\/wp\/v2\/posts\/331","targetHints":{"allow":["GET"]}}],"collection":[{"href":"https:\/\/blogs.ubc.ca\/fren220\/wp-json\/wp\/v2\/posts"}],"about":[{"href":"https:\/\/blogs.ubc.ca\/fren220\/wp-json\/wp\/v2\/types\/post"}],"author":[{"embeddable":true,"href":"https:\/\/blogs.ubc.ca\/fren220\/wp-json\/wp\/v2\/users\/1097"}],"replies":[{"embeddable":true,"href":"https:\/\/blogs.ubc.ca\/fren220\/wp-json\/wp\/v2\/comments?post=331"}],"version-history":[{"count":7,"href":"https:\/\/blogs.ubc.ca\/fren220\/wp-json\/wp\/v2\/posts\/331\/revisions"}],"predecessor-version":[{"id":361,"href":"https:\/\/blogs.ubc.ca\/fren220\/wp-json\/wp\/v2\/posts\/331\/revisions\/361"}],"wp:attachment":[{"href":"https:\/\/blogs.ubc.ca\/fren220\/wp-json\/wp\/v2\/media?parent=331"}],"wp:term":[{"taxonomy":"category","embeddable":true,"href":"https:\/\/blogs.ubc.ca\/fren220\/wp-json\/wp\/v2\/categories?post=331"},{"taxonomy":"post_tag","embeddable":true,"href":"https:\/\/blogs.ubc.ca\/fren220\/wp-json\/wp\/v2\/tags?post=331"}],"curies":[{"name":"wp","href":"https:\/\/api.w.org\/{rel}","templated":true}]}}