{"id":379,"date":"2012-09-17T09:25:59","date_gmt":"2012-09-17T16:25:59","guid":{"rendered":"https:\/\/blogs.ubc.ca\/fren220\/?p=379"},"modified":"2012-09-24T09:01:02","modified_gmt":"2012-09-24T16:01:02","slug":"remises-a-jour","status":"publish","type":"post","link":"https:\/\/blogs.ubc.ca\/fren220\/2012\/09\/remises-a-jour\/","title":{"rendered":"remises \u00e0 jour"},"content":{"rendered":"<ol>\n<li>le <a href=\"https:\/\/blogs.ubc.ca\/fren220\/syllabus-schedule\/\">CALENDRIER<\/a> a chang\u00e9 l\u00e9g\u00e8rement: pour les commentaires 1 et 2, vous avez maintenant deux semaines pour les retravailler avec le \u00ab\u00a0FHIS Writing Centre\u00a0\u00bb (on en reparlera&#8230;); plut\u00f4t qu&rsquo;une seule semaine apr\u00e8s que je vous aurai remis le travail (dans sa premi\u00e8re version) corrig\u00e9<\/li>\n<li>remise \u00e0 jour du calendrier \/ horaire \/ programme, dans sa <a href=\"https:\/\/blogs.ubc.ca\/fren220\/files\/2012\/09\/fren220-calendrier2012v2.pdf\" target=\"_blank\">version PDF<\/a><\/li>\n<li>le poste \/ billet <a href=\"https:\/\/blogs.ubc.ca\/fren220\/2012\/09\/semaine-3-20-et-22-septembre\/\" target=\"_blank\">SEMAINE 3<\/a> : changements aujourd&rsquo;hui et pr\u00e9vus pour cet apr\u00e8s-midi et demain<\/li>\n<li>le premier <a href=\"https:\/\/blogs.ubc.ca\/fren220\/syllabus\/assessment\/\" target=\"_blank\">travail est \u00e0 rendre<\/a> lundi prochain (le 24 septembre): <a href=\"https:\/\/blogs.ubc.ca\/fren220\/liens\/ressources-pour-le-commentaire\/\" target=\"_blank\">commentaire<\/a> 1 version 1: sur le po\u00e8me de Ronsard, \u00ab\u00a0Quand vous serez bien vieille&#8230;\u00a0\u00bb (<em>Anthologie de la po\u00e9sie fran\u00e7aise<\/em>, pp. 27-28)<\/li>\n<li>nouvelle version faite sur mesure pour vous!!! <a href=\"https:\/\/blogs.ubc.ca\/fren220\/files\/2012\/09\/fren220_comment-aire.pdf\" target=\"_blank\">LE COMMENTAIRE<\/a><\/li>\n<\/ol>\n","protected":false},"excerpt":{"rendered":"<p>le CALENDRIER a chang\u00e9 l\u00e9g\u00e8rement: pour les commentaires 1 et 2, vous avez maintenant deux semaines pour les retravailler avec le \u00ab\u00a0FHIS Writing Centre\u00a0\u00bb (on en reparlera&#8230;); plut\u00f4t qu&rsquo;une seule semaine apr\u00e8s que je vous aurai remis le travail (dans sa premi\u00e8re version) corrig\u00e9 remise \u00e0 jour du calendrier \/ horaire \/ programme, dans sa version PDF le poste \/ billet SEMAINE 3 : changements aujourd&rsquo;hui et pr\u00e9vus pour cet apr\u00e8s-midi et demain le premier travail est \u00e0 rendre lundi prochain (le 24 septembre): commentaire 1 version 1: sur le&#8230;<a class=\"read-more\" href=\"https:\/\/blogs.ubc.ca\/fren220\/2012\/09\/remises-a-jour\/\">read more<\/a><\/p>\n","protected":false},"author":1097,"featured_media":0,"comment_status":"closed","ping_status":"closed","sticky":false,"template":"","format":"standard","meta":{"footnotes":""},"categories":[337213],"tags":[],"class_list":["post-379","post","type-post","status-publish","format-standard","hentry","category-informations","et-no-image","et-bg-layout-dark","et-white-bg"],"_links":{"self":[{"href":"https:\/\/blogs.ubc.ca\/fren220\/wp-json\/wp\/v2\/posts\/379","targetHints":{"allow":["GET"]}}],"collection":[{"href":"https:\/\/blogs.ubc.ca\/fren220\/wp-json\/wp\/v2\/posts"}],"about":[{"href":"https:\/\/blogs.ubc.ca\/fren220\/wp-json\/wp\/v2\/types\/post"}],"author":[{"embeddable":true,"href":"https:\/\/blogs.ubc.ca\/fren220\/wp-json\/wp\/v2\/users\/1097"}],"replies":[{"embeddable":true,"href":"https:\/\/blogs.ubc.ca\/fren220\/wp-json\/wp\/v2\/comments?post=379"}],"version-history":[{"count":6,"href":"https:\/\/blogs.ubc.ca\/fren220\/wp-json\/wp\/v2\/posts\/379\/revisions"}],"predecessor-version":[{"id":406,"href":"https:\/\/blogs.ubc.ca\/fren220\/wp-json\/wp\/v2\/posts\/379\/revisions\/406"}],"wp:attachment":[{"href":"https:\/\/blogs.ubc.ca\/fren220\/wp-json\/wp\/v2\/media?parent=379"}],"wp:term":[{"taxonomy":"category","embeddable":true,"href":"https:\/\/blogs.ubc.ca\/fren220\/wp-json\/wp\/v2\/categories?post=379"},{"taxonomy":"post_tag","embeddable":true,"href":"https:\/\/blogs.ubc.ca\/fren220\/wp-json\/wp\/v2\/tags?post=379"}],"curies":[{"name":"wp","href":"https:\/\/api.w.org\/{rel}","templated":true}]}}