{"id":293,"date":"2017-01-04T09:34:05","date_gmt":"2017-01-04T17:34:05","guid":{"rendered":"https:\/\/blogs.ubc.ca\/fren336\/?p=293"},"modified":"2017-04-05T12:35:39","modified_gmt":"2017-04-05T19:35:39","slug":"le-portfolio","status":"publish","type":"post","link":"https:\/\/blogs.ubc.ca\/fren336\/le-portfolio\/","title":{"rendered":"le portfolio"},"content":{"rendered":"<p>10% de la note = un portfolio en ligne :<\/p>\n<ul>\n<li>votre propre collection particuli\u00e8re, choisie, une mini-exposition virtuelle<\/li>\n<li>th\u00e8me : QU&rsquo;EST-CE QUE *VOTRE* BANDE DESSIN\u00c9E ?<\/li>\n<li>individuelle ou en groupe<br \/>\n(ce n\u2019est par forc\u00e9ment le m\u00eame groupe avec qui vous ferez la pr\u00e9sentation en classe)<\/li>\n<li>peut \u00eatre une continuation de votre <a href=\"https:\/\/blogs.ubc.ca\/fren336\/les-groupes\/\">pr\u00e9sentation<\/a> et\/ou associ\u00e9 \u00e0 votre <a href=\"https:\/\/blogs.ubc.ca\/fren336\/le-commentaire\/\">commentaire<\/a><\/li>\n<li><strong>date de remise : le <del>14<\/del>\u00a028 avril<br \/>\n<\/strong><\/li>\n<\/ul>\n<p>Forme et longueur :<\/p>\n<ul>\n<li>c&rsquo;est simplement une collection d&rsquo;objets ; donc aucune limite (minimale ou maximale) de mots<\/li>\n<li>minimum absolu = 5 objets par personne + pour chaque objet, sa description (souvent, une phase suffit, simplement pour identifier ce que c&rsquo;est ; souvent, on a besoin de rien si c&rsquo;est d\u00e9j\u00e0 clair de quoi il s&rsquo;agit ou s&rsquo;il y a d\u00e9j\u00e0 une description sur l&rsquo;objet ; si vous l&rsquo;avez trouv\u00e9 en ligne, indiquez o\u00f9 (URL))<\/li>\n<li>minimum pour avoir une bonne note (B, B+) = 8 objets par personne + pour chaque objet, sa description (comme avant)<\/li>\n<li>minimum pour avoir une bonne note (A-, A, A+) = 12 objets par personne + pour chaque objet, sa description (comme avant)<\/li>\n<\/ul>\n<p>Voici quelques exemples d&rsquo;objets \u00e0 collectionner :<\/p>\n<ul>\n<li>la BD au premier degr\u00e9 : des images, cases, planches, albums, personnages, repr\u00e9sentations (figurines, spectacles, etc.), nouvelles, actualit\u00e9s, citations, affiches<\/li>\n<li>des bibliographies, des images de biblioth\u00e8ques et de librairies, de cr\u00e9ateurs et de lecteurs de BD au travail, de tout ce qui pourrait contribuer \u00e0 une \u00ab\u00a0culture\u00a0\u00bb et \u00e0 une \u00ab\u00a0vie culturelle\u00a0\u00bb de la BD<\/li>\n<li>des exemples de BD sauvage, sur le vif, dans la vie de tous les jours, dans un monde BD-esque qui s&rsquo;ouvre au regard imaginatif (p. ex. des s\u00e9quences qui se construisent \u00e0 partir d&rsquo;\u00e9l\u00e9ments apparemment insolites\u2014l&rsquo;art de la juxtaposition fortuite\u2014mais qui forment \u00ab\u00a0une suite d&rsquo;images s\u00e9mantiquement corr\u00e9l\u00e9es et conduisant un r\u00e9cit\u00a0\u00bb (pour citer Groensteen (2007): 209, dans sa d\u00e9finition de la <em>s\u00e9quence<\/em>)<\/li>\n<li>vos propres dessins, photos, maquettes, croquis, etc. de BD ; ou des images de ceux-ci<\/li>\n<li>le mat\u00e9riel que vous avez utilis\u00e9 dans votre pr\u00e9sentation en classe ; y compris ce que vous aurez peut-\u00eatre coup\u00e9 de la pr\u00e9sentation, des ajouts que vous avez trouv\u00e9s plus tard, l\u2019esprit de l&rsquo;escalier<\/li>\n<li>du mat\u00e9riel suppl\u00e9mentaire associ\u00e9 \u00e0 votre commentaire ou \u00e0 votre travail \/ projet final<\/li>\n<li>attention : les objets que vous s\u00e9lectionnez ne doivent ni forc\u00e9ment \u00eatre en fran\u00e7ais ni ressortir de cultures francophones : c&rsquo;est <em>votre <\/em>portfolio, repr\u00e9sentant <em>votre <\/em>culture \/ monde de la BD<\/li>\n<li>voir aussi : <a href=\"https:\/\/blogs.ubc.ca\/fren333\/2014\/01\/07\/les-travaux\/\" target=\"_blank\">FREN 333 &gt; les travaux &gt; le portfolio individuel<\/a> (un cours diff\u00e9rent mais la m\u00eame id\u00e9e)<\/li>\n<\/ul>\n<p>Comment le faire :<\/p>\n<ul>\n<li><a href=\"https:\/\/blogs.ubc.ca\/fren336\/portfolios\/\">sur ce site UBC Blogs<\/a> (demandez-moi de vous y construire votre propre coin du site)<\/li>\n<li>votre propre site UBC Blogs, ou UBC Wiki, ou un blog \/ site \u00e0 l\u2019ext\u00e9rieur (Blogger, WordPress, etc.), Pinterest, Flickr, Tumbler, Instagram, \u2026<br \/>\nun exemple : votre prof a collectionn\u00e9 plusieurs choses sur Twitter au <a href=\"https:\/\/twitter.com\/hashtag\/fren336\" target=\"_blank\">#fren336<\/a><\/li>\n<li>une gall\u00e9rie virtuelle (PowerPoint, Prezi, etc.) ; pour un exemple sophistiqu\u00e9, voir <a href=\"http:\/\/www.pechmerle.com\/le-centre-de-prehistoire\/la-grotte-du-pech-merle\/visite-de-la-grotte\/\" target=\"_blank\">la visite virtuelle de la grotte du Pech Merle<\/a><\/li>\n<\/ul>\n<div style=\"width: 235px\" class=\"wp-caption aligncenter\"><img loading=\"lazy\" decoding=\"async\" class=\"size-full\" src=\"https:\/\/metametamedieval.files.wordpress.com\/2017\/02\/img_8086.jpg?w=225&amp;h=300\" width=\"225\" height=\"300\" \/><p class=\"wp-caption-text\">Exemple d&rsquo;un objet : votre prof \u00e0 Paris en 2013 avec le Marsu de sa s\u0153ur (qui a pris cette photo)<\/p><\/div>\n","protected":false},"excerpt":{"rendered":"<p>10% de la note = un portfolio en ligne : votre propre collection particuli\u00e8re, choisie, une mini-exposition virtuelle th\u00e8me : QU&rsquo;EST-CE QUE *VOTRE* BANDE DESSIN\u00c9E ? individuelle ou en groupe (ce n\u2019est par forc\u00e9ment le m\u00eame groupe avec qui vous ferez la pr\u00e9sentation en classe) peut \u00eatre une continuation de votre pr\u00e9sentation et\/ou associ\u00e9 \u00e0 [&hellip;]<\/p>\n","protected":false},"author":1097,"featured_media":0,"comment_status":"open","ping_status":"closed","sticky":false,"template":"","format":"standard","meta":{"footnotes":""},"categories":[1],"tags":[],"class_list":["post-293","post","type-post","status-publish","format-standard","hentry","category-uncategorized"],"_links":{"self":[{"href":"https:\/\/blogs.ubc.ca\/fren336\/wp-json\/wp\/v2\/posts\/293","targetHints":{"allow":["GET"]}}],"collection":[{"href":"https:\/\/blogs.ubc.ca\/fren336\/wp-json\/wp\/v2\/posts"}],"about":[{"href":"https:\/\/blogs.ubc.ca\/fren336\/wp-json\/wp\/v2\/types\/post"}],"author":[{"embeddable":true,"href":"https:\/\/blogs.ubc.ca\/fren336\/wp-json\/wp\/v2\/users\/1097"}],"replies":[{"embeddable":true,"href":"https:\/\/blogs.ubc.ca\/fren336\/wp-json\/wp\/v2\/comments?post=293"}],"version-history":[{"count":9,"href":"https:\/\/blogs.ubc.ca\/fren336\/wp-json\/wp\/v2\/posts\/293\/revisions"}],"predecessor-version":[{"id":562,"href":"https:\/\/blogs.ubc.ca\/fren336\/wp-json\/wp\/v2\/posts\/293\/revisions\/562"}],"wp:attachment":[{"href":"https:\/\/blogs.ubc.ca\/fren336\/wp-json\/wp\/v2\/media?parent=293"}],"wp:term":[{"taxonomy":"category","embeddable":true,"href":"https:\/\/blogs.ubc.ca\/fren336\/wp-json\/wp\/v2\/categories?post=293"},{"taxonomy":"post_tag","embeddable":true,"href":"https:\/\/blogs.ubc.ca\/fren336\/wp-json\/wp\/v2\/tags?post=293"}],"curies":[{"name":"wp","href":"https:\/\/api.w.org\/{rel}","templated":true}]}}