{"id":90,"date":"2017-01-04T09:40:08","date_gmt":"2017-01-04T17:40:08","guid":{"rendered":"https:\/\/blogs.ubc.ca\/fren336\/?p=90"},"modified":"2017-02-21T19:27:27","modified_gmt":"2017-02-22T03:27:27","slug":"textes","status":"publish","type":"post","link":"https:\/\/blogs.ubc.ca\/fren336\/textes\/","title":{"rendered":"TEXTES"},"content":{"rendered":"<div id=\"attachment_289\" style=\"width: 510px\" class=\"wp-caption aligncenter\"><a href=\"http:\/\/www.pechmerle.com\/le-centre-de-prehistoire\/la-grotte-du-pech-merle\/visite-de-la-grotte\/\" target=\"_blank\"><img loading=\"lazy\" decoding=\"async\" aria-describedby=\"caption-attachment-289\" class=\"wp-image-289 size-full\" src=\"https:\/\/blogs.ubc.ca\/fren336\/files\/2017\/01\/Screen-Shot-2017-02-21-at-11.53.37-AM.png\" width=\"500\" height=\"305\" srcset=\"https:\/\/blogs.ubc.ca\/fren336\/files\/2017\/01\/Screen-Shot-2017-02-21-at-11.53.37-AM.png 500w, https:\/\/blogs.ubc.ca\/fren336\/files\/2017\/01\/Screen-Shot-2017-02-21-at-11.53.37-AM-300x183.png 300w\" sizes=\"auto, (max-width: 500px) 100vw, 500px\" \/><\/a><p id=\"caption-attachment-289\" class=\"wp-caption-text\">La frise noire <br \/> Grotte de Pech Merle <br \/> (d\u00e9pt. du Lot, France) <br \/> (c. 22-23.000 AEC)<\/p><\/div>\n<p style=\"text-align: center;\">TEXTES REQUIS<\/p>\n<p>Ren\u00e9 Goscinny &amp; Albert Uderzo<br \/>\n<em>Ast\u00e9rix chez les Belges<\/em><br \/>\nISBN: 9782012101562<\/p>\n<p>Herg\u00e9<br \/>\n<em>Tintin au pays des Soviets<\/em><br \/>\nISBN: 9782203003033<\/p>\n<p>Franquin<br \/>\n<em>Capturez un Marsupilami<\/em><br \/>\nISBN: 9782912536457<\/p>\n<div id=\"attachment_290\" style=\"width: 339px\" class=\"wp-caption aligncenter\"><a href=\"http:\/\/www.pechmerle.com\/le-centre-de-prehistoire\/la-grotte-du-pech-merle\/visite-de-la-grotte\/\" target=\"_blank\"><img loading=\"lazy\" decoding=\"async\" aria-describedby=\"caption-attachment-290\" class=\"wp-image-290 size-full\" src=\"https:\/\/blogs.ubc.ca\/fren336\/files\/2017\/01\/Screen-Shot-2017-02-21-at-11.56.53-AM.png\" width=\"329\" height=\"500\" srcset=\"https:\/\/blogs.ubc.ca\/fren336\/files\/2017\/01\/Screen-Shot-2017-02-21-at-11.56.53-AM.png 329w, https:\/\/blogs.ubc.ca\/fren336\/files\/2017\/01\/Screen-Shot-2017-02-21-at-11.56.53-AM-197x300.png 197w\" sizes=\"auto, (max-width: 329px) 100vw, 329px\" \/><\/a><p id=\"caption-attachment-290\" class=\"wp-caption-text\">Main n\u00e9gative <br \/> Grotte du Pech Merle <br \/> (c. 21-23.000 AEC)<\/p><\/div>\n<p style=\"text-align: center;\">LECTURES SUPPL\u00c9MENTAIRES, CRITIQUE LITT\u00c9RAIRE, SOURCES\u00a0 SECONDAIRES &#8211; QUELQUES SUGGESTIONS<\/p>\n<p>Michel de Certeau, <em>L&rsquo;invention du quotidien : 1. arts de faire <\/em>(Paris: UGE, 1980 &amp; Gallimard, 1990)<\/p>\n<p>Will Eisner, <em>Comics and Sequential Art<\/em> (New York: Norton, 1985 &amp; 2008)<br \/>\n&#8212;, <em>Graphic Storytelling and Visual Narrative<\/em> (New York: Norton, 2008)<\/p>\n<p>Thierry Groensteen, <em>La bande dessin\u00e9e : une litt\u00e9rature graphique<\/em> (Milan: Toulouse, 2005)<br \/>\n&#8212;, <em>Un objet culturel non identifi\u00e9<\/em> (Mouthiers-sur-Bo\u00ebme: Actes Sud &#8211; L&rsquo;An 2, 2006)<br \/>\n&#8212;, <em>La bande dessin\u00e9e mode d&#8217;emploi<\/em> (Paris: Les Impressions nouvelles, 2007)<br \/>\n&#8212;, <em>Le petit catalogue du Mus\u00e9e de la bande dessin\u00e9e <\/em>(Paris: Flammarion, 2009) [= <a href=\"http:\/\/www.citebd.org\/spip.php?rubrique4\" target=\"_blank\">le mus\u00e9e du CNBDI \u00e0 Angoul\u00eame<\/a>]<br \/>\n&#8212;, <em>Parodies : la bande dessin\u00e9e au second degr\u00e9<\/em> (Paris: Flammarion, 2010)<br \/>\n&#8212;, <em>Syst\u00e8me de la bande dessin\u00e9e<\/em> (Paris: Presses universitaires de France, 1999 &amp; 2011)<br \/>\n&#8212;, <em>Bande dessin\u00e9e et narration. Syst\u00e8me de la bande dessin\u00e9e 2<\/em> (Paris: Presses universitaires de France, 2011)<\/p>\n<p>Ren\u00e9 Magritte, <em>Les Mots et les images<\/em> (Labor: Bruxelles, 1994)<\/p>\n<p>Scott McCloud, <em>Understanding Comics<\/em> (New York: Harper, 1993)<br \/>\n&#8212;, <em>Reinventing Comics<\/em> (New York: Harper, 2000)<br \/>\n&#8212;, <em>Making Comics<\/em> (New York: Harper, 2006)<\/p>\n<p>Beno\u00eet Peeters, <em>La Bande dessin\u00e9e<\/em> (Paris: Flammarion, 1993)<br \/>\n&#8212;, <em>Lire la bande dessin\u00e9e<\/em> (Bruxelles et Paris: Casterman, 1998)<br \/>\n&#8212;, <em>\u00c9crire l&rsquo;image : un itin\u00e9raire <\/em> (Paris: Les Impressions nouvelles, 2009)<\/p>\n<p>Alain Rey, <em>Les spectres de la bande : essai sur la B.D.<\/em> (Paris: Minuit, 1978)<\/p>\n<p>Nick Sousanis, <em>Le d\u00e9ploiement<\/em> (Paris: Actes Sud, 2016); traduction de <em>Unflattening <\/em>(Cambridge, MA: Harvard University Press, 2015)<\/p>\n<p style=\"text-align: center;\">EN LIGNE<\/p>\n<p>Wikip\u00e9dia<br \/>\n&gt;<a href=\"https:\/\/fr.wikipedia.org\/wiki\/Portail:Bande_dessin%C3%A9e\" target=\"_blank\"> Portail de la bande dessin\u00e9e<br \/>\n<\/a>&gt; <a href=\"https:\/\/fr.wikipedia.org\/wiki\/Portail:Bande_dessin%C3%A9e_francophone\" target=\"_blank\">Portail de la bande dessin\u00e9e francophone<\/a><\/p>\n<p><a href=\"http:\/\/www.citebd.org\/\" target=\"_blank\">Centre national de la bande dessin\u00e9e et de l&rsquo;image (CNBDI) <\/a> (Angoul\u00eame, France) : beaucoup de ressources, fiches, informations, actualit\u00e9s, &#8230;<\/p>\n<p><a href=\"http:\/\/www.bdangouleme.com\/\" target=\"_blank\">Festival international de la bande dessin\u00e9e d&rsquo;Angoul\u00eame<\/a><br \/>\n&gt; <a href=\"http:\/\/www.bdangouleme.com\/204,l-histoire-du-festival\" target=\"_blank\">historique<\/a><\/p>\n<p><a href=\"https:\/\/www.cbbd.be\/fr\/accueil\" target=\"_blank\">Centre belge de la bande dessin\u00e9e<\/a> (Bruxelles, Belgique) &gt; <a href=\"https:\/\/www.cbbd.be\/fr\/section-pedagogique\" target=\"_blank\">section p\u00e9dagogique<\/a><br \/>\n&gt; <a href=\"https:\/\/www.cbbd.be\/uploads\/fichiers\/pages\/invention-de-la-bd-web.pdf\" target=\"_blank\">Dossier : l&rsquo;invention de la bande dessin\u00e9e<\/a><br \/>\n&gt; <a href=\"https:\/\/www.cbbd.be\/uploads\/fichiers\/pages\/art-de-la-bd.pdf\" target=\"_blank\">Dossier : l&rsquo;art de la BD<br \/>\n<\/a>&gt;<a href=\"https:\/\/www.cbbd.be\/fr\/cbbd\/quelques-liens-bd\" target=\"_blank\"> Quelques liens BD<\/a><\/p>\n<div class=\"tinymce\">\n<p>Parmi une multitude de sites consacr\u00e9s \u00e0 la BD, le CBBD vous sugg\u00e8re de d\u00e9couvrir ce que recouvrent ces liens. Ils sont hautement recommandables pour tout savoir de la BD, de ses h\u00e9ros, de ses auteurs, de leurs \u00e9diteurs, de l\u2019actualit\u00e9, de la grande et de la petite histoire de la BD.<\/p>\n<ul>\n<li><a title=\"www.actuabd.com\" href=\"http:\/\/www.actuabd.com\" target=\"_blank\">www.actuabd.com<\/a><\/li>\n<li><a title=\"www.auracan.com\" href=\"http:\/\/www.auracan.com\" target=\"_blank\">www.auracan.com<\/a><\/li>\n<li><a title=\"www.bdparadisio.com\" href=\"http:\/\/www.bdparadisio.com\" target=\"_blank\">www.bdparadisio.com<\/a><\/li>\n<li><a title=\"www.bdoubliees.com\" href=\"http:\/\/www.bdoubliees.com\" target=\"_blank\">www.bdoubliees.com<\/a><\/li>\n<li><a title=\"www.brusselsbdtour.com\" href=\"http:\/\/www.brusselsbdtour.com\" target=\"_blank\">www.brusselsbdtour.com<\/a><\/li>\n<li><a title=\"www.criabd.be\" href=\"http:\/\/www.criabd.be\" target=\"_blank\">www.criabd.be<\/a><\/li>\n<li><a title=\"www.kaboombd.tv\" href=\"http:\/\/kaboombd.tv\" target=\"_blank\">www.kaboombd.tv <\/a><\/li>\n<\/ul>\n<p>Les sites BD permanents en Europe :<\/p>\n<ul>\n<li>Pays-Bas, Groningen: <a title=\"www.stripmuseumgroningen.nl\" href=\"http:\/\/www.stripmuseumgroningen.nl\" target=\"_blank\">www.stripmuseumgroningen.nl<\/a><\/li>\n<li>France, Angoul\u00eame:\u00a0<a title=\"www.citebd.org\" href=\"http:\/\/www.citebd.org\" target=\"_blank\">www.citebd.org<\/a><\/li>\n<li>Italie, Milan: <a title=\"www.museowow.it\" href=\"http:\/\/www.museowow.it\" target=\"_blank\">www.museowow.it<\/a><\/li>\n<li>Su\u00e8de, Stockholm: <a title=\"www.kulturhuset.stockholm.se\" href=\"http:\/\/www.kulturhuset.stockholm.se\" target=\"_blank\">www.kulturhuset.stockholm.se<\/a><\/li>\n<li>Finlande,\u00a0Helsinki: <a title=\"www.sarjakuvaseura.fi\" href=\"http:\/\/www.sarjakuvaseura.fi\" target=\"_blank\">www.sarjakuvaseura.fi<\/a><\/li>\n<li>Portugal, Amadora: <a title=\"www.amadorabd.com\" href=\"http:\/\/www.amadorabd.com\" target=\"_blank\">www.amadorabd.com<\/a><\/li>\n<li>Autriche, Krems: <a title=\"www.karikaturmuseum.at\" href=\"http:\/\/www.karikaturmuseum.at\" target=\"_blank\">www.karikaturmuseum.at<\/a><\/li>\n<li>Suisse, B\u00e2le: <a title=\"www.cartoonmuseum.ch\" href=\"http:\/\/www.cartoonmuseum.ch\" target=\"_blank\">www.cartoonmuseum.ch<\/a><\/li>\n<\/ul>\n<p>Mais aussi ces adresses bruxelloises :<\/p>\n<ul>\n<li>La Maison Autrique, mise en sc\u00e8ne par Schuiten et Peeters: <a title=\"www.autrique.be\" href=\"http:\/\/www.autrique.be\" target=\"_blank\">www.autrique.be<\/a><\/li>\n<li>La Maison de la BD\/Mus\u00e9e Jij\u00e9: <a title=\"www.jije.org\" href=\"http:\/\/www.jije.org\" target=\"_blank\">www.jije.org<\/a><\/li>\n<li>La Fondation Raymond Leblanc: <a title=\"www.fondationrleblanc.be\" href=\"http:\/\/www.fondationrleblanc.be\/\" target=\"_blank\">www.fondationrleblanc.be<\/a><\/li>\n<li>Le mus\u00e9e de la figurine BD: <a title=\"www.moof-museum.be\" href=\"http:\/\/www.moof-museum.be\/\" target=\"_blank\">www.moof-museum.be<\/a><\/li>\n<li>Le site de la Fondation Marc Sleen: <a title=\"www.marc-sleen.be\" href=\"http:\/\/www.marc-sleen.be\/\" target=\"_blank\">www.marc-sleen.be<\/a><\/li>\n<\/ul>\n<\/div>\n<p style=\"text-align: center;\">INDIRECT, EN DIVAGANT ET DIGRESSANT&#8230;<\/p>\n<p>Agamben, Auerbach, Bachelard, Barthes, Benjamin, Bourdieu, Cixous, Deleuze, Derrida, Eagleton, Eco, Foucault, Genette, Irigaray, Iser, Jakobson, Jauss, Kristeva, Latour, Mitchell, Richard, Saussure, Serres<\/p>\n<p>&nbsp;<\/p>\n<p style=\"text-align: center;\">SUJETS DE R\u00c9FLECTION, EN MARGE&#8230;<\/p>\n<p>Le dessin anim\u00e9<\/p>\n<p>Le jeu de soci\u00e9t\u00e9, jeu d&rsquo;ordinateur, jeu \u00e9lectronique interactif<\/p>\n<p>Les biblioth\u00e8ques et librairies sp\u00e9cialistes ; la culture et le \u00ab\u00a0culte\u00a0\u00bb<\/p>\n<div id=\"attachment_14\" style=\"width: 647px\" class=\"wp-caption aligncenter\"><a href=\"http:\/\/archeologie.culture.fr\/chauvet\/fr\" target=\"_blank\"><img loading=\"lazy\" decoding=\"async\" aria-describedby=\"caption-attachment-14\" class=\"wp-image-14 size-full\" src=\"https:\/\/blogs.ubc.ca\/fren336\/files\/2016\/05\/Screen-Shot-2016-05-06-at-4.14.21-PM.png\" width=\"637\" height=\"426\" srcset=\"https:\/\/blogs.ubc.ca\/fren336\/files\/2016\/05\/Screen-Shot-2016-05-06-at-4.14.21-PM.png 637w, https:\/\/blogs.ubc.ca\/fren336\/files\/2016\/05\/Screen-Shot-2016-05-06-at-4.14.21-PM-300x201.png 300w, https:\/\/blogs.ubc.ca\/fren336\/files\/2016\/05\/Screen-Shot-2016-05-06-at-4.14.21-PM-624x417.png 624w\" sizes=\"auto, (max-width: 637px) 100vw, 637px\" \/><\/a><p id=\"caption-attachment-14\" class=\"wp-caption-text\">Empreintes de mains, \u0153uvre d&rsquo;art collectif <br \/>Grotte Chauvet-Pont d&rsquo;Arc <br \/> (d\u00e9pt. de l&rsquo;Ard\u00e8che, France) <br \/> (c. 34.000 AEC)<\/p><\/div>\n","protected":false},"excerpt":{"rendered":"<p>TEXTES REQUIS Ren\u00e9 Goscinny &amp; Albert Uderzo Ast\u00e9rix chez les Belges ISBN: 9782012101562 Herg\u00e9 Tintin au pays des Soviets ISBN: 9782203003033 Franquin Capturez un Marsupilami ISBN: 9782912536457 LECTURES SUPPL\u00c9MENTAIRES, CRITIQUE LITT\u00c9RAIRE, SOURCES\u00a0 SECONDAIRES &#8211; QUELQUES SUGGESTIONS Michel de Certeau, L&rsquo;invention du quotidien : 1. arts de faire (Paris: UGE, 1980 &amp; Gallimard, 1990) Will Eisner, [&hellip;]<\/p>\n","protected":false},"author":1097,"featured_media":0,"comment_status":"open","ping_status":"closed","sticky":false,"template":"","format":"standard","meta":{"footnotes":""},"categories":[1],"tags":[],"class_list":["post-90","post","type-post","status-publish","format-standard","hentry","category-uncategorized"],"_links":{"self":[{"href":"https:\/\/blogs.ubc.ca\/fren336\/wp-json\/wp\/v2\/posts\/90","targetHints":{"allow":["GET"]}}],"collection":[{"href":"https:\/\/blogs.ubc.ca\/fren336\/wp-json\/wp\/v2\/posts"}],"about":[{"href":"https:\/\/blogs.ubc.ca\/fren336\/wp-json\/wp\/v2\/types\/post"}],"author":[{"embeddable":true,"href":"https:\/\/blogs.ubc.ca\/fren336\/wp-json\/wp\/v2\/users\/1097"}],"replies":[{"embeddable":true,"href":"https:\/\/blogs.ubc.ca\/fren336\/wp-json\/wp\/v2\/comments?post=90"}],"version-history":[{"count":9,"href":"https:\/\/blogs.ubc.ca\/fren336\/wp-json\/wp\/v2\/posts\/90\/revisions"}],"predecessor-version":[{"id":331,"href":"https:\/\/blogs.ubc.ca\/fren336\/wp-json\/wp\/v2\/posts\/90\/revisions\/331"}],"wp:attachment":[{"href":"https:\/\/blogs.ubc.ca\/fren336\/wp-json\/wp\/v2\/media?parent=90"}],"wp:term":[{"taxonomy":"category","embeddable":true,"href":"https:\/\/blogs.ubc.ca\/fren336\/wp-json\/wp\/v2\/categories?post=90"},{"taxonomy":"post_tag","embeddable":true,"href":"https:\/\/blogs.ubc.ca\/fren336\/wp-json\/wp\/v2\/tags?post=90"}],"curies":[{"name":"wp","href":"https:\/\/api.w.org\/{rel}","templated":true}]}}