{"id":1551,"date":"2006-07-27T16:13:43","date_gmt":"2006-07-28T00:13:43","guid":{"rendered":"https:\/\/blogs.ubc.ca\/peru\/2006\/07\/27\/se-define-el-gabinete-de-ministros-iv\/"},"modified":"2006-07-27T16:13:43","modified_gmt":"2006-07-28T00:13:43","slug":"se-define-el-gabinete-de-ministros-iv","status":"publish","type":"post","link":"https:\/\/blogs.ubc.ca\/peru\/2006\/07\/27\/se-define-el-gabinete-de-ministros-iv\/","title":{"rendered":"Se define el Gabinete de Ministros IV"},"content":{"rendered":"<p><img loading=\"lazy\" decoding=\"async\" alt=\"pltcgabinete270706.jpg\" src=\"https:\/\/blogs.ubc.ca\/peru\/files\/2010\/04\/archives\/pltcgabinete270706.jpg\" width=\"633\" height=\"1082\" \/><br \/>\nSource: <a href=\"http:\/\/www.elcomercioperu.com.pe\/EdicionImpresa\/Html\/2006-07-27\/impPolitica0547881.html\">El Comercio<\/a>, 27 de julio del 2006<\/p>\n<p><!--more--><br \/>\n<em><strong><a href=\"http:\/\/www.elcomercioperu.com.pe\/EdicionImpresa\/Html\/2006-07-27\/impPolitica0547881.html\">Presentan hoy Gabinete con sorpresas finales<\/a><br \/>\nEl Comercio, 27 de julio del 2006<\/strong><br \/>\nAllan Wagner asumir\u00eda la cartera de Defensa, aseguraron esta madrugada. Solo seis de los 16 ministros ser\u00edan ajenos al partido o al entorno aprista.<br \/>\nTal como anunciara el 9 de junio \u00faltimo, Alan Garc\u00eda cumplir\u00e1 hoy con dar a conocer a los 16 integrantes de su primer Gabinete Ministerial, aunque ya muchos de los nombres han ido saliendo a la luz. Desde hace unos d\u00edas es seguro que el equipo tendr\u00e1 a Jorge del Castillo, secretario general aprista, en la Presidencia del Consejo de Ministros (PCM).<br \/>\nNo es el \u00fanico caso en el cual el presidente electo echar\u00eda mano de su partido. El ex congresista Juan Valdivia ser\u00eda presentado como titular de Energ\u00eda y Minas. Valdivia, quien fue titular de la comisi\u00f3n parlamentaria del sector, logr\u00f3 imponerse a C\u00e9sar Guti\u00e9rrez, consultor en temas de energ\u00eda.<br \/>\nAl Ministerio de Agricultura ir\u00eda el renunciante alcalde aprista de Ferre\u00f1afe, Juan Jos\u00e9 Salazar, a pesar de que buscaba postular al gobierno regional de Lambayeque.<br \/>\nVirginia Borra, importante dirigente aprista, se colocar\u00eda al frente del Ministerio de la Mujer y Desarrollo Social. Otro miembro del Apra que integrar\u00e1 el gabinete es Hern\u00e1n Garrido Lecca. El economista ocupar\u00eda la cartera de Vivienda, Construcci\u00f3n y Saneamiento.<br \/>\nSIN CARNET PERO CON CARI\u00d1O<br \/>\nPor otro lado, tenemos a quienes si bien no pertenecen al Apra, tienen cercan\u00eda con el partido. Tal es el caso de la actual presidenta de la Corte Superior de Lima, Mar\u00eda Zavala Valladares, quien tomar\u00eda las riendas del Ministerio de Justicia.<br \/>\nTambi\u00e9n tenemos al rector de la Universidad San Mart\u00edn de Porras, Jos\u00e9 Antonio Chang (de padre aprista), quien se convertir\u00eda en ministro de Educaci\u00f3n. Mercedes Ar\u00e1oz, investigadora de la Universidad del Pac\u00edfico, ir\u00eda al Ministerio de Comercio Exterior y Turismo. Se sabe que ella colabor\u00f3 con el Frente Social en materia de competitividad y acudi\u00f3 al relanzamiento de dicha plataforma.<br \/>\nOtra adherente al Frente Social que se ce\u00f1ir\u00eda un faj\u00edn ministerial es Susana Pinilla (casada adem\u00e1s con el dirigente aprista Javier Tantale\u00e1n). Con experiencia en la gesti\u00f3n de peque\u00f1a y microempresa, ella ir\u00e1 al Ministerio de Trabajo.<br \/>\nTampoco se debe olvidar al embajador Jos\u00e9 Garc\u00eda Belaunde, bastante cercano al presidente electo. Como se recuerda, el mismo Alan Garc\u00eda adelant\u00f3 que el diplom\u00e1tico ser\u00eda el nuevo canciller.<br \/>\nLOS SEIS &#8216;INVITADOS&#8217;<br \/>\nPero en este primer gabinete tambi\u00e9n hay quienes no tienen v\u00ednculo conocido con el partido de la estrella. Ellos son solo seis: el ministro de Econom\u00eda y Finanzas ser\u00e1 Luis Carranza, ex viceministro de Econom\u00eda durante la gesti\u00f3n de Pedro Pablo Kuczynski.<br \/>\nTambi\u00e9n tenemos a Ver\u00f3nica Zavala (hasta hoy secretaria de gesti\u00f3n p\u00fablica de la PCM), quien no ha confirmado ni desmentido que asumir\u00e1 la cartera de Transportes y Comunicaciones.<br \/>\nSorpresa generar\u00e1 que la todav\u00eda ministra de Salud, Pilar Mazzetti, sea presentada como titular del Interior. Trascendi\u00f3 que Mazzetti habr\u00eda visitado la sede de ese ministerio el s\u00e1bado.<br \/>\nEn Salud estar\u00eda el cuarto independiente: Carlos Vallejos, actual director del Instituto Nacional de Enfermedades Neopl\u00e1sicas.<br \/>\nOtro probable ministro ajeno al partido de la estrella es el l\u00edder de Renovaci\u00f3n Nacional, Rafael Rey, quien se convertir\u00eda en el titular de Producci\u00f3n.<br \/>\nWAGNER A DEFENSA<br \/>\nAl cierre de esta edici\u00f3n, fuentes allegadas a la transmisi\u00f3n del mando aseguraron esta madrugada que Allan Wagner ser\u00eda el ministro de Defensa en el primer Gabinete del segundo mandato presidencial de Alan Garc\u00eda. Wagner, embajador de carrera, se desempe\u00f1a como secretario general de la Comunidad Andina de Naciones y en 1985 acompa\u00f1\u00f3 a Garc\u00eda como canciller.<br \/>\nCon esta confirmaci\u00f3n quedaron diluidos los rumores de la convocatoria a esta cartera de \u00c1ntero Flores-Ar\u00e1oz (PPC) y de Luis Gonzales Posada (Apra).<br \/>\n<strong><a href=\"http:\/\/www.larepublica.com.pe\/index.php?option=com_content&amp;task=view&amp;id=117868&amp;Itemid=483&amp;fecha_edicion=2006-07-27\">Entre Wagner y Silva Ruete<\/a><br \/>\nLa Rep\u00fablica, 27 de julio del 2006. Por Lenka Z\u00e0jec.<\/strong><br \/>\nDE CANDELA<br \/>\n\u2022 \u00c1ntero Flores no consigui\u00f3 el permiso del PPC, con lo que quedar\u00eda fuera del ministerio de Defensa<br \/>\n\u2022 De no aceptar los otros candidatos, la \u00faltima carta es Gonzales Posada<br \/>\n\u2022 Mauricio Mulder se quedar\u00eda como secretario del Apra tras la dimisi\u00f3n de Del Castillo.<br \/>\nReci\u00e9n hoy Alan Garc\u00eda dar\u00eda a conocer si el ex canciller Allan Wagner ser\u00e1 el titular del Ministerio de Defensa, o preferir\u00e1 a Javier Silva Ruete.<br \/>\nA escasas 24 horas de la presentaci\u00f3n oficial del gabinete, el presidente electo Alan Garc\u00eda se habr\u00eda sentido obligado a efectuar algunos cambios en la composici\u00f3n del que ser\u00e1 a partir de ma\u00f1ana su equipo ministerial.<br \/>\nSe deber\u00eda a que \u00c1ntero Flores Ar\u00e1oz no habr\u00eda conseguido el permiso del PPC para integrar el gabinete aprista, y este tampoco est\u00e1 dispuesto a renunciar a su partido pol\u00edtico para ejercer un cargo ejecutivo de la mano de Alan Garc\u00eda.<br \/>\nComo lo adelant\u00f3 La Rep\u00fablica en su edici\u00f3n del martes 25, Flores Ar\u00e1oz era uno de los candidatos de peso con los que contaba el presidente electo, no obstante que un sector del Apra estaba en desacuerdo con su posible designaci\u00f3n.<br \/>\nAnte esta situaci\u00f3n, Alan Garc\u00eda opt\u00f3 por considerar como otras dos alternativas al ex ministro de Econom\u00eda Javier Silva Ruete, y al ex canciller Allan Wagner Tiz\u00f3n.<br \/>\nTodas las posibilidades<br \/>\nLo cierto es que Alan Garc\u00eda todav\u00eda no ha convocado a ninguno de los dos para proponer el cargo, aunque se sabe que ambos estar\u00edan dispuestos a aceptar la responsabilidad de dirigir el Ministerio de Defensa.<br \/>\nEn todo caso, la \u00faltima pero improbable carta que tendr\u00eda Alan Garc\u00eda es designar al congresista Luis Gonzales Posada, que presidi\u00f3 en el Parlamento la Comisi\u00f3n de Defensa y tiene experiencia en el tema.<br \/>\nJuan Jos\u00e9 &#8216;Chiquito&#8217; Salazar, que hasta el mi\u00e9rcoles por la ma\u00f1ana era casi fijo en el Ministerio de Agricultura, habr\u00eda sido descartado para ocupar ese cargo debido a problemas internos en el Apra.<br \/>\nAntecedente crediticio<br \/>\nEst\u00e1 confirmado que Salazar tiene una deuda pendiente con el Banco Wiese Sudameris por un mill\u00f3n de d\u00f3lares, a prop\u00f3sito de un pr\u00e9stamo que solicit\u00f3 a esa entidad bancaria hace ocho a\u00f1os para financiar sus cultivos de ca\u00f1a de az\u00facar. Este hecho, seg\u00fan comentaron en el Apra, lo descalifica como candidato para ministro de Agricultura. En consecuencia, Salazar continuar\u00eda su carrera como candidato del Apra a la presidencia de la regi\u00f3n Lambayeque. La nueva carta de Garc\u00eda para ministro de Agricultura ser\u00eda la del ex congresista aprista Manuel Noriega, quien como se sabe tambi\u00e9n domina el tema del agro.<br \/>\nLa decisi\u00f3n final respecto de qui\u00e9n ser\u00e1 el pr\u00f3ximo ministro de Defensa la har\u00e1 conocer Garc\u00eda a su gabinete y a la c\u00fapula aprista, este mediod\u00eda, cuando se re\u00fana con ellos en su despacho.<br \/>\nDesde ayer a las 5 de la tarde el presidente electo est\u00e1 concentrado en preparar su discurso presidencial del 28 de julio.<br \/>\nEstar\u00e1 dedicado a ello hasta la mitad de la ma\u00f1ana, luego se reunir\u00e1 con su equipo partidario y de gobierno.<br \/>\nDel Castillo renuncia<br \/>\nLa Rep\u00fablica tambi\u00e9n conoci\u00f3 que Jorge del Castillo G\u00e1lvez renunciar\u00e1 a la Secretar\u00eda General del Apra para poder dedicarse de lleno a la jefatura del gabinete ministerial. Mauricio Mulder Bedoya, quien ha sido reelecto como contresista, se quedar\u00eda como \u00fanico secretario del partido de V\u00edctor Ra\u00fal Haya de la Torre.<br \/>\nEsta informaci\u00f3n fue confirmada por Mulder ayer durante la celebraci\u00f3n de la convenci\u00f3n regional del partido de la estrella.<br \/>\nZavala sigue despachando en Corte de Lima<br \/>\nLa presidenta de la Corte Superior de Lima, Mar\u00eda Zavala Valladares, se mantiene en el cargo, y hasta el momento no ha comunicado al Consejo Ejecutivo del Poder Judicial su intenci\u00f3n de renunciar a la administraci\u00f3n de justicia, para incursionar en pol\u00edtica como ministra de Justicia del gobierno aprista.<br \/>\n&#8220;No s\u00e9 nada de un nombramiento como ministra, parezco una mujer enga\u00f1ada, donde ella es la \u00faltima en enterarse&#8221;, brome\u00f3 con sus colegas vocales ayer durante una reuni\u00f3n de Sala Plena.<br \/>\nEn la tarde, circul\u00f3 el rumor de que la doctora Zavala hab\u00eda convocado a Sala Plena para anunciar su alejamiento de la Corte y decidir qui\u00e9n la suceder\u00e1 en el cargo en el que debe mantenerse hasta diciembre pr\u00f3ximo.<br \/>\nLa Sala Plena de la Corte Superior de Lima solo se hab\u00eda adelantado por los feriados de fiestas patrias. La reuni\u00f3n tuvo como agenda elegir al presidente del Jurado Electoral Especial de Huarochir\u00ed y hacer una balance de los proyectos de la gesti\u00f3n de la Corte. En el JEE de Huarochir\u00ed se eligi\u00f3 al vocal Gustavo Ball\u00f3n Vallejos. Si la doctora Zavala decide alejarse de la Corte, la presidencia ser\u00eda ocupada por el vocal decano hasta que en diciembre se produzcan nuevas elecciones.<br \/>\n<strong><a href=\"http:\/\/www.peru21.com\/P21Impreso\/Html\/2006-07-27\/Politica0548111.html\">Garc\u00eda defini\u00f3 gabinete<\/a><br \/>\nPer\u00fa 21, 27 de julio del 2006<\/strong><br \/>\n&#8211; Tecn\u00f3cratas, independientes y cinco apristas formar\u00edan equipo ministerial paritario.<br \/>\n&#8211; \u00c1ntero Flores-Ar\u00e1oz segu\u00eda como uno de los voceados a la cartera de Defensa.<br \/>\nSe venci\u00f3 el plazo. Tal como lo prometiera en d\u00edas pasados, el electo mandatario Alan Garc\u00eda P\u00e9rez anunciar\u00eda, este mediod\u00eda, los nombres de su primer gabinete ministerial, que estar\u00e1 presidido por el reelecto parlamentario aprista Jorge del Castillo G\u00e1lvez, como lo adelant\u00f3 este diario.<br \/>\nAyer se vivieron momentos de absoluto hermetismo en el Partido Aprista sobre los detalles del esperado anuncio. Pocos se atrev\u00edan a dar los nombres de los flamantes ministros. &#8220;Todo lo dir\u00e1 el presidente Garc\u00eda&#8221;, se limitaban a decir los consultados.<br \/>\nHasta ayer se segu\u00eda especulando con los nombres de tecn\u00f3cratas, personalidades invitadas y militantes del partido que formar\u00edan parte del citado equipo ministerial.<br \/>\nFuentes del Partido Aprista entrevistadas por este diario se\u00f1alaron que, despu\u00e9s de varios d\u00edas de consultas, Garc\u00eda ya hab\u00eda encontrado un titular para la cartera de Defensa. Dicho portafolio -se inform\u00f3- ser\u00eda dirigido por \u00c1ntero Flores-Ar\u00e1oz, ex presidente del Congreso de la Rep\u00fablica y dirigente del Partido Popular Cristiano (PPC), donde tambi\u00e9n milita Lourdes Flores, ex candidata a la Presidencia por UN.<br \/>\nOtro de los que estaba voceado hasta el \u00faltimo momento para esa cartera fue el legislador Luis Gonzales Posada, quien ten\u00eda aceptaci\u00f3n de amplios sectores de las Fuerzas Armadas.<br \/>\nLas fuentes del Apra manifestaron que, por razones de austeridad, el citado anuncio se producir\u00eda en la oficina sanisidrina del electo mandatario. &#8220;Ser\u00e1 de la manera m\u00e1s austera&#8221;, indicaron.<br \/>\nEl gabinete contar\u00eda con la presencia de seis mujeres, cumpliendo as\u00ed con la equidad de g\u00e9nero prometida por Garc\u00eda. Habr\u00eda tecn\u00f3cratas independientes como Luis Carranza (Econom\u00eda), Mercedes Ar\u00e1oz (Comercio Exterior), Ver\u00f3nica Zavala (Transportes), e invitados como Flores-Ar\u00e1oz (Defensa) y Rafael Rey (Producci\u00f3n); tambi\u00e9n, cinco apristas.<br \/>\n<strong><a href=\"http:\/\/www.laprimera.com.pe\/noticia.php?IDnoticia=27289\">Allan Wagner a Defensa y aprista Juan Salazar a Agricultura. Se acab\u00f3 el misterio. <\/a><br \/>\nGarc\u00eda completa su gabinete<br \/>\nLa Primera, 27 de julio del 2006<\/strong><br \/>\nTodo est\u00e1 consumado. Ayer, al borde de las diez de la noche, se acab\u00f3 el suspenso y la serenidad volvi\u00f3 a los predios apristas.<br \/>\nY no era para menos, pues a un d\u00eda de convertirse en Presidente en funciones y juramentar a su equipo ministerial, Alan Garc\u00eda encontr\u00f3 por fin al hombre que le faltaba para ocupar la \u00fanica cartera que estaba \u201cdescabezada\u201d.<br \/>\nNuestras fuentes nos confirmaron que ser\u00e1 el ex canciller Allan Wagner Tiz\u00f3n quien finalmente se ocupar\u00e1 del portafolio de Defensa, con lo que Garc\u00eda complet\u00f3 la conformaci\u00f3n de su gabinete de estreno, ya que en la v\u00edspera el chiclayano Juan Salazar Garc\u00eda confirm\u00f3 haber aceptado ser el ministro de Agricultura.<br \/>\nYa con el \u201cteam Garc\u00eda\u201d oleado y sacramentado, los nombres de quienes integran el gabinete ser\u00edan develados hoy a la opini\u00f3n p\u00fablica a trav\u00e9s de los medios de comunicaci\u00f3n, en una brev\u00edsima conferencia en la que el presidente electo ventilar\u00e1 las cualidades de cada uno de los elegidos, haciendo hincapi\u00e9 en los menos conocidos.<br \/>\nEn ese sentido se prev\u00e9, por ejemplo, que el presidente electo detalle cu\u00e1les fueron las razones de peso para nombrar como ministro de Agricultura a su \u201ccompa\u00f1ero\u201d, y ex alcalde de Ferre\u00f1afe, Juan Salazar Garc\u00eda, m\u00e1s conocido por su apodo de Chiquit\u00edn que por sus cualidades profesionales.<br \/>\nComo se sabe, a Wagner Tiz\u00f3n y Salazar Garc\u00eda se sumar\u00e1n en el gabinete Susana Pinilla en Trabajo, Virginia Borra en el Mimdes, Mar\u00eda Zavala en Justicia, Rafael Rey en Producci\u00f3n, Hern\u00e1n Garrido-Lecca en Vivienda, Mercedes Ar\u00e1oz en el Mincetur, Jos\u00e9 Chang en Educaci\u00f3n, Ver\u00f3nica Zavala en Transportes y Pilar Mazzetti en Interior.<br \/>\nBajo la batuta de Jorge del Castillo, flamante presidente del Consejo de Ministros, tambi\u00e9n forman el primer equipo de Garc\u00eda: Jos\u00e9 Garc\u00eda Belaunde en Canciller\u00eda, Luis Carranza en Econom\u00eda, Juan Valdivia en Energ\u00eda y Minas y Carlos Vallejos en Salud.<br \/>\nQuedaron fuera<br \/>\nQuienes en alg\u00fan momento tuvieron el faj\u00edn al alcance de sus manos fueron, entre otros, el empresario Fernando Cill\u00f3niz, quien fue voceado para Agricultura hasta que Garc\u00eda decidi\u00f3 mirar dentro de casa y se encontr\u00f3 con Chiquit\u00edn.<br \/>\nDar con la persona ideal para el ministerio de Defensa fue, sin duda, la piedra en el zapato para Garc\u00eda. Los nombres del ex coronel Benedicto Jim\u00e9nez, \u00c1ntero Flores-Ar\u00e1oz y la ex titular del Instituto Nacional de Defensa del Consumidor y la Propiedad Intelectual (Indecopi), Beatriz Boza, sonaron fort\u00edsimo cada cual en su momento.<br \/>\nPero ante la negativa de unos y las cr\u00edticas hacia otros, el presidente electo termin\u00f3 alargando la conformaci\u00f3n del gabinete, en lo que se supone iba a ser una tarea menos complicada de lo que realmente fue.<br \/>\nRenuncia<br \/>\nAllan Wagner Tiz\u00f3n tendr\u00e1 que renunciar a su actual cargo de secretario general de la Comunidad Andina de Naciones (CAN), el mismo que asumi\u00f3 en enero de 2004 y terminaba en 2008.<\/em><\/p>\n","protected":false},"excerpt":{"rendered":"<p>Source: El Comercio, 27 de julio del 2006<\/p>\n","protected":false},"author":1305,"featured_media":0,"comment_status":"closed","ping_status":"closed","sticky":false,"template":"","format":"standard","meta":{"footnotes":""},"categories":[7951],"tags":[],"class_list":["post-1551","post","type-post","status-publish","format-standard","hentry","category-political-parties"],"_links":{"self":[{"href":"https:\/\/blogs.ubc.ca\/peru\/wp-json\/wp\/v2\/posts\/1551","targetHints":{"allow":["GET"]}}],"collection":[{"href":"https:\/\/blogs.ubc.ca\/peru\/wp-json\/wp\/v2\/posts"}],"about":[{"href":"https:\/\/blogs.ubc.ca\/peru\/wp-json\/wp\/v2\/types\/post"}],"author":[{"embeddable":true,"href":"https:\/\/blogs.ubc.ca\/peru\/wp-json\/wp\/v2\/users\/1305"}],"replies":[{"embeddable":true,"href":"https:\/\/blogs.ubc.ca\/peru\/wp-json\/wp\/v2\/comments?post=1551"}],"version-history":[{"count":0,"href":"https:\/\/blogs.ubc.ca\/peru\/wp-json\/wp\/v2\/posts\/1551\/revisions"}],"wp:attachment":[{"href":"https:\/\/blogs.ubc.ca\/peru\/wp-json\/wp\/v2\/media?parent=1551"}],"wp:term":[{"taxonomy":"category","embeddable":true,"href":"https:\/\/blogs.ubc.ca\/peru\/wp-json\/wp\/v2\/categories?post=1551"},{"taxonomy":"post_tag","embeddable":true,"href":"https:\/\/blogs.ubc.ca\/peru\/wp-json\/wp\/v2\/tags?post=1551"}],"curies":[{"name":"wp","href":"https:\/\/api.w.org\/{rel}","templated":true}]}}