{"id":31,"date":"2021-03-03T13:01:40","date_gmt":"2021-03-03T20:01:40","guid":{"rendered":"https:\/\/blogs.ubc.ca\/vladch221\/?p=31"},"modified":"2021-03-03T13:01:40","modified_gmt":"2021-03-03T20:01:40","slug":"las-medias-rojas-de-emilia-pardo-bazan","status":"publish","type":"post","link":"https:\/\/blogs.ubc.ca\/vladch221\/2021\/03\/03\/las-medias-rojas-de-emilia-pardo-bazan\/","title":{"rendered":"&#8220;Las medias rojas&#8221; de Emilia Pardo Baz\u00e1n"},"content":{"rendered":"<p>De verdad no esperaba como ha desarrollado este cuento hasta el fin, y despu\u00e9s pens\u00e9 que tengo que leerla otra vez. Hoy, me parece que el color rojo no es solo el color de las medias, pero el color primario de toda la historia; el fuego, la paliza, el futuro y por supuesto las medias. \u00a0 El paso de vida que pinta la autora, con la esperanza quemada del padre y por el contrario el imagen querido del futuro <em>diferente\u00a0<\/em>de IIdara muestra una esquina real de la pobreza, violencia dejada y ineludible. El cuento desarrolla en una manera r\u00e1pida y casi repentino, forz\u00e1ndonos a prestar atenci\u00f3n sin apartar la mirada. IIdara y su deseo por otra vida, vida diferente podemos ver en su atenci\u00f3n a su pelo y en las medias rojas, que compr\u00f3 para sentirse como una persona diferente. Est\u00e1 atascada por la vida que no eligi\u00f3 sino su intentos de mejorarla o imaginar la otra son destruidos por su padre; su acciones faltan la sensibilidad o son llenas de la desesperaci\u00f3n y la ira.<\/p>\n<p>Piensas t\u00fa s\u00ed IIdara tiene los hermanos?<\/p>\n","protected":false},"excerpt":{"rendered":"<p>De verdad no esperaba como ha desarrollado este cuento hasta el fin, y despu\u00e9s pens\u00e9 que tengo que leerla otra vez. Hoy, me parece que el color rojo no es solo el color de las medias, pero el color primario de toda la historia; el fuego, la paliza, el futuro y por supuesto las medias. [&hellip;]<\/p>\n","protected":false},"author":56467,"featured_media":0,"comment_status":"open","ping_status":"open","sticky":false,"template":"","format":"standard","meta":{"footnotes":""},"categories":[1],"tags":[],"class_list":["post-31","post","type-post","status-publish","format-standard","hentry","category-uncategorized"],"_links":{"self":[{"href":"https:\/\/blogs.ubc.ca\/vladch221\/wp-json\/wp\/v2\/posts\/31","targetHints":{"allow":["GET"]}}],"collection":[{"href":"https:\/\/blogs.ubc.ca\/vladch221\/wp-json\/wp\/v2\/posts"}],"about":[{"href":"https:\/\/blogs.ubc.ca\/vladch221\/wp-json\/wp\/v2\/types\/post"}],"author":[{"embeddable":true,"href":"https:\/\/blogs.ubc.ca\/vladch221\/wp-json\/wp\/v2\/users\/56467"}],"replies":[{"embeddable":true,"href":"https:\/\/blogs.ubc.ca\/vladch221\/wp-json\/wp\/v2\/comments?post=31"}],"version-history":[{"count":1,"href":"https:\/\/blogs.ubc.ca\/vladch221\/wp-json\/wp\/v2\/posts\/31\/revisions"}],"predecessor-version":[{"id":32,"href":"https:\/\/blogs.ubc.ca\/vladch221\/wp-json\/wp\/v2\/posts\/31\/revisions\/32"}],"wp:attachment":[{"href":"https:\/\/blogs.ubc.ca\/vladch221\/wp-json\/wp\/v2\/media?parent=31"}],"wp:term":[{"taxonomy":"category","embeddable":true,"href":"https:\/\/blogs.ubc.ca\/vladch221\/wp-json\/wp\/v2\/categories?post=31"},{"taxonomy":"post_tag","embeddable":true,"href":"https:\/\/blogs.ubc.ca\/vladch221\/wp-json\/wp\/v2\/tags?post=31"}],"curies":[{"name":"wp","href":"https:\/\/api.w.org\/{rel}","templated":true}]}}